{"id":2803,"date":"2018-05-24T22:27:48","date_gmt":"2018-05-24T22:27:48","guid":{"rendered":"https:\/\/visit-meknes.com\/?p=2803"},"modified":"2018-05-24T22:27:48","modified_gmt":"2018-05-24T22:27:48","slug":"5eme-festival-sidi-abderrahmane-el-majdoub-de-la-parole-sage-abderrahim-souiri-ouvre-le-bal","status":"publish","type":"post","link":"https:\/\/visit-meknes.com\/es\/5eme-festival-sidi-abderrahmane-el-majdoub-de-la-parole-sage-abderrahim-souiri-ouvre-le-bal\/2803\/","title":{"rendered":"5\u00e8me Festival Sidi Abderrahmane El Majdoub de la parole sage : Abderrahim Souiri ouvre le bal"},"content":{"rendered":"<p>Cette manifestation se veut de pr\u00e9senter une image positive des personnalit\u00e9s du patrimoine marocain au-del\u00e0 des st\u00e9r\u00e9otypes et du mythe tout en cr\u00e9ant un espace de rencontre entre les paroliers t\u00e9nors et la nouvelle g\u00e9n\u00e9ration.<\/p>\n<p>\u00abLe c\u00e9l\u00e8bre chanteur Abderrahim Souiri animera, le 25 mai \u00e0 Mekn\u00e8s, la soir\u00e9e d\u2019ouverture du 5\u00e8me Festival Sidi Abderrahmane El Majdoub de la parole sage qui se tiendra jusqu\u2019au 28 du mois courant \u00bb.<\/p>\n<p>L\u2019annonce est faite par l\u2019association Forum de Mekn\u00e8s pour la culture et le d\u00e9veloppement, initiatrice de l\u2019\u00e9v\u00e9nement.<\/p>\n<p>Cette manifestation est, selon les organisateurs, marqu\u00e9e par la tenue de conf\u00e9rences scientifiques et lectures de paroles (zajal) donn\u00e9es par des paroliers marocains c\u00e9l\u00e8bres. Le festival sera \u00e9galement rythm\u00e9 par des soir\u00e9es artistiques organis\u00e9es par des troupes du patrimoine musical dans diff\u00e9rents espaces de la ville \u00e0 l\u2019instar des centres culturels Mohamed Mennouni et Michel Joubert ainsi que la place Lahdim.<\/p>\n<p>En organisant ce festival, l\u2019association vise \u00e0 valoriser le patrimoine immat\u00e9riel national en contribuant \u00e0 sa promotion et documentation \u00e0 travers diff\u00e9rents moyens. Selon la m\u00eame source, cette manifestation se veut \u00e9galement de pr\u00e9senter une image positive des personnalit\u00e9s du patrimoine marocain au-del\u00e0 des st\u00e9r\u00e9otypes et du mythe tout en cr\u00e9ant un espace de rencontre entre les paroliers t\u00e9nors et la nouvelle g\u00e9n\u00e9ration pour forger les talents et pr\u00e9server la parole (zajal) en tant que genre litt\u00e9raire marocain authentique.<\/p>\n<p>En guise de reconnaissance, l\u2019association initiatrice envisage de rendre, en ouverture, hommage au chercheur et metteur en sc\u00e8ne Abdelmajid Fennich et au parolier Hafid El Amrani. L\u2019objectif \u00e9tant, selon les organisateurs, de mettre ces deux cr\u00e9ateurs en lumi\u00e8re.<\/p>\n<p>L\u2019ouverture sera \u00e9galement rythm\u00e9e par le show de la troupe aissaouie men\u00e9e par le mokaddem Abdellah El Ya\u00e2coubi.<\/p>\n<p>Le lendemain, le 26 mai, une conf\u00e9rence intitul\u00e9e \u00abLes \u00e9tats d\u2019esprit dans la po\u00e9sie d\u2019Abderrahmane El Majdoub\u00bb sera donn\u00e9e. Elle sera suivie de la signature du livre \u00abL\u2019esth\u00e9tique de l\u2019\u00e9criture de po\u00e8mes paroliers marocains\u00bb de l\u2019auteur Mourad El Kadiri.<\/p>\n<p>La soir\u00e9e sera purement f\u00e9minine puisque la troupe de hadra de femmes de Mekn\u00e8s animera un spectacle jalonn\u00e9 de lecture de po\u00e8mes donn\u00e9 par des paroli\u00e8res issues de diff\u00e9rentes villes du Royaume.<\/p>\n<p>La soir\u00e9e du 27 mai sera, pour sa part, ponctu\u00e9e de rythmes de Malhoun puis\u00e9s dans les po\u00e8mes de Sidi Abderrahmane El Majdoub. A cette occasion, l\u2019orchestre La\u00e2miri du Malhoun dirig\u00e9 par Abdellatif Touir animera un spectacle avec la participation de chantres accompagn\u00e9s, entre-temps, de lectures de po\u00e8mes du Malhoum.<\/p>\n<p>Quant \u00e0 la cl\u00f4ture, elle sera \u00e0 caract\u00e8re soufi. Ainsi, la troupe hamdouchie pr\u00e9sid\u00e9e par Abderrahim El Marrakchi El Amrani pr\u00e9sentera un spectacle lors duquel des lectures de paroles seront donn\u00e9es. Ce show sera couronn\u00e9 par celui de la troupe aissaouie soufie dirig\u00e9e par le mokaddem Sidi Ahmed Benmoumen.<\/p>\n","protected":false},"excerpt":{"rendered":"<p>Cette manifestation se veut de pr\u00e9senter une image positive des personnalit\u00e9s du patrimoine marocain au-del\u00e0 des st\u00e9r\u00e9otypes et du mythe tout en cr\u00e9ant un espace de rencontre entre les paroliers t\u00e9nors et la nouvelle g\u00e9n\u00e9ration. \u00abLe c\u00e9l\u00e8bre chanteur Abderrahim Souiri animera, le 25 mai \u00e0 Mekn\u00e8s, la soir\u00e9e d\u2019ouverture du 5\u00e8me Festival Sidi Abderrahmane El<\/p>\n","protected":false},"author":1,"featured_media":2804,"comment_status":"open","ping_status":"open","sticky":false,"template":"","format":"standard","meta":{"footnotes":""},"categories":[70,6],"tags":[],"_links":{"self":[{"href":"https:\/\/visit-meknes.com\/es\/wp-json\/wp\/v2\/posts\/2803"}],"collection":[{"href":"https:\/\/visit-meknes.com\/es\/wp-json\/wp\/v2\/posts"}],"about":[{"href":"https:\/\/visit-meknes.com\/es\/wp-json\/wp\/v2\/types\/post"}],"author":[{"embeddable":true,"href":"https:\/\/visit-meknes.com\/es\/wp-json\/wp\/v2\/users\/1"}],"replies":[{"embeddable":true,"href":"https:\/\/visit-meknes.com\/es\/wp-json\/wp\/v2\/comments?post=2803"}],"version-history":[{"count":1,"href":"https:\/\/visit-meknes.com\/es\/wp-json\/wp\/v2\/posts\/2803\/revisions"}],"predecessor-version":[{"id":2805,"href":"https:\/\/visit-meknes.com\/es\/wp-json\/wp\/v2\/posts\/2803\/revisions\/2805"}],"wp:featuredmedia":[{"embeddable":true,"href":"https:\/\/visit-meknes.com\/es\/wp-json\/wp\/v2\/media\/2804"}],"wp:attachment":[{"href":"https:\/\/visit-meknes.com\/es\/wp-json\/wp\/v2\/media?parent=2803"}],"wp:term":[{"taxonomy":"category","embeddable":true,"href":"https:\/\/visit-meknes.com\/es\/wp-json\/wp\/v2\/categories?post=2803"},{"taxonomy":"post_tag","embeddable":true,"href":"https:\/\/visit-meknes.com\/es\/wp-json\/wp\/v2\/tags?post=2803"}],"curies":[{"name":"wp","href":"https:\/\/api.w.org\/{rel}","templated":true}]}}