{"id":2771,"date":"2018-04-22T15:56:01","date_gmt":"2018-04-22T15:56:01","guid":{"rendered":"https:\/\/visit-meknes.com\/?p=2771"},"modified":"2018-04-22T15:56:01","modified_gmt":"2018-04-22T15:56:01","slug":"meknes-accueillera-ce-lundi-la-10eme-edition-des-assises-de-lagriculture","status":"publish","type":"post","link":"https:\/\/visit-meknes.com\/es\/meknes-accueillera-ce-lundi-la-10eme-edition-des-assises-de-lagriculture\/2771\/","title":{"rendered":"Mekn\u00e8s accueillera, ce lundi, la 10\u00e8me \u00e9dition des Assises de l\u2019Agriculture"},"content":{"rendered":"<p>D\u2019importants intervenants \u00e0 pour discuter de l\u2019avenir du secteur agricole:<\/p>\n<ul>\n<li>Ministres et experts de renomm\u00e9e animeront deux tables rondes autour de l\u2019innovation en solutions durables pour le secteur, ainsi que la place de la jeunesse dans les politiques publiques agricoles.<\/li>\n<li>La th\u00e9matique de cette ann\u00e9e est : \u201cLa jeunesse, principal moteur et b\u00e9n\u00e9ficiaire de d\u00e9veloppement agricole.\u201d<\/li>\n<\/ul>\n<p>La ville de Mekn\u00e8s accueillera, ce lundi 23 avril, la 10\u00e8me \u00e9dition des Assises de l\u2019Agriculture qui proposera une r\u00e9flexion sur la th\u00e9matique: \u00ab La jeunesse, principal moteur et b\u00e9n\u00e9ficiaire de d\u00e9veloppement agricole. \u00bb<\/p>\n<p>Organis\u00e9es depuis 2008 par le minist\u00e8re de l\u2019Agriculture, de la P\u00eache Maritime, du D\u00e9veloppement Rural et des Eaux et For\u00eats, les Assises de l\u2019Agriculture sont devenues un \u00e9v\u00e9nement de r\u00e9f\u00e9rence du secteur agricole aux niveaux national et international. Elles permettent chaque ann\u00e9e d\u2019exposer le bilan du PMV, ses r\u00e9alisations et les orientations strat\u00e9giques pour l\u2019avenir de l\u2019agriculture marocaine, dont le mod\u00e8le de d\u00e9veloppement \u00e9conomique et social est consid\u00e9r\u00e9 comme une r\u00e9f\u00e9rence.<\/p>\n<p>Cet \u00e9v\u00e8nement annuel incontournable des d\u00e9cideurs et experts en agriculture au Maroc et dans le Continent conna\u00eet la participation distingu\u00e9e de chefs d\u2019Etat, de ministres de l\u2019agriculture, des grands t\u00e9moins, de scientifiques et \u00e9minents experts.<\/p>\n<p>Cette ann\u00e9e, deux tables ronde seront organis\u00e9es dans le cadre des Assises pour \u00e9changer autour de l\u2019avenir du secteur agricole. La premi\u00e8re table ronde minist\u00e9rielle aura pour th\u00e8me : \u00ab Vers un new deal agricole de la jeunesse rurale \u00bb. Elle connaitra la participation de M. Josefa Leonel Correia Sacko, commissaire \u00e0 l\u2019\u00c9conomie Rurale et \u00e0 l\u2019Agriculture au sein de la commission de l\u2019Union Africaine, M. St\u00e9phane Travert, ministre fran\u00e7ais de l\u2019Agriculture et de l\u2019Alimentation, Mme Isabel Garcia Tejerina, ministre espagnole de l\u2019Agriculture, de la P\u00eache, de l\u2019Alimentation et de l\u2019Environnement, et M. Mamadou Sangafowa Coulibaly, ministre ivoirien de l\u2019Agriculture et du D\u00e9veloppement Rural.<\/p>\n<p>Des experts internationaux de haut niveau seront \u00e9galement pr\u00e9sents. Il s\u2019agit de M. Ousmane Badiane, directeur Afrique de l\u2019International Food Policy Research Institute \u00e0 Dakar, M. Simon Winter, directeur ex\u00e9cutif de Syngenta Foundation for Sustainable Agriculture \u00e0 B\u00e2le, M. Mamadou Biteye, directeur du bureau r\u00e9gional Afrique de The Rockefeller Foundation \u00e0 Nairobi, M. David Robalino, jobs manager \u00e0 la Banque Mondiale \u00e0 Washington, Mme Houda Boulhit, jeune entrepreneur agricole \u00e0 Dakhla, et M. Zakaria Kadiri, enseignant chercheur \u00e0 la Facult\u00e9 des lettres et sciences humaines A\u00efn-Chock \u00e0 Casablanca.<\/p>\n<p>Ces six sp\u00e9cialistes reconnus participeront \u00e0 une table-ronde sur le th\u00e8me : \u00ab Innover pour la jeunesse : solutions durables pour l\u2019agriculture \u00bb.<\/p>\n<p><strong>Article19.ma<\/strong><\/p>\n","protected":false},"excerpt":{"rendered":"<p>D\u2019importants intervenants \u00e0 pour discuter de l\u2019avenir du secteur agricole: Ministres et experts de renomm\u00e9e animeront deux tables rondes autour de l\u2019innovation en solutions durables pour le secteur, ainsi que la place de la jeunesse dans les politiques publiques agricoles. La th\u00e9matique de cette ann\u00e9e est : \u201cLa jeunesse, principal moteur et b\u00e9n\u00e9ficiaire de d\u00e9veloppement<\/p>\n","protected":false},"author":1,"featured_media":2772,"comment_status":"open","ping_status":"open","sticky":false,"template":"","format":"standard","meta":{"footnotes":""},"categories":[70,6],"tags":[],"_links":{"self":[{"href":"https:\/\/visit-meknes.com\/es\/wp-json\/wp\/v2\/posts\/2771"}],"collection":[{"href":"https:\/\/visit-meknes.com\/es\/wp-json\/wp\/v2\/posts"}],"about":[{"href":"https:\/\/visit-meknes.com\/es\/wp-json\/wp\/v2\/types\/post"}],"author":[{"embeddable":true,"href":"https:\/\/visit-meknes.com\/es\/wp-json\/wp\/v2\/users\/1"}],"replies":[{"embeddable":true,"href":"https:\/\/visit-meknes.com\/es\/wp-json\/wp\/v2\/comments?post=2771"}],"version-history":[{"count":1,"href":"https:\/\/visit-meknes.com\/es\/wp-json\/wp\/v2\/posts\/2771\/revisions"}],"predecessor-version":[{"id":2773,"href":"https:\/\/visit-meknes.com\/es\/wp-json\/wp\/v2\/posts\/2771\/revisions\/2773"}],"wp:featuredmedia":[{"embeddable":true,"href":"https:\/\/visit-meknes.com\/es\/wp-json\/wp\/v2\/media\/2772"}],"wp:attachment":[{"href":"https:\/\/visit-meknes.com\/es\/wp-json\/wp\/v2\/media?parent=2771"}],"wp:term":[{"taxonomy":"category","embeddable":true,"href":"https:\/\/visit-meknes.com\/es\/wp-json\/wp\/v2\/categories?post=2771"},{"taxonomy":"post_tag","embeddable":true,"href":"https:\/\/visit-meknes.com\/es\/wp-json\/wp\/v2\/tags?post=2771"}],"curies":[{"name":"wp","href":"https:\/\/api.w.org\/{rel}","templated":true}]}}