{"id":2745,"date":"2018-04-04T18:12:53","date_gmt":"2018-04-04T18:12:53","guid":{"rendered":"https:\/\/visit-meknes.com\/?p=2745"},"modified":"2018-04-08T21:24:20","modified_gmt":"2018-04-08T21:24:20","slug":"le-3e-festival-international-de-la-poesie-les-5-et-6-avril-a-meknes","status":"publish","type":"post","link":"https:\/\/visit-meknes.com\/es\/le-3e-festival-international-de-la-poesie-les-5-et-6-avril-a-meknes\/2745\/","title":{"rendered":"Le 3\u00e8 festival international de la po\u00e9sie, les 5 et 6 avril \u00e0 Mekn\u00e8s"},"content":{"rendered":"<p>La ville de Mekn\u00e8s abrite, les 5 et 6 avril, la troisi\u00e8me \u00e9dition du Festival international de la po\u00e9sie sous le th\u00e8me \u00abLa po\u00e9sie dans les monuments historiques\u00bb. Initi\u00e9e par la direction r\u00e9gionale de la culture, la commune de Mekn\u00e8s et la Fondation Kalima pour l\u2019art et la culture, cette manifestation verra la participation de po\u00e8tes de divers horizons culturels et g\u00e9ographiques.<\/p>\n<p>Le 3e Festival international de la po\u00e9sie, qui c\u00e9l\u00e8brera l\u2019exp\u00e9rience po\u00e9tique espagnole, sera marqu\u00e9 par des lectures po\u00e9tiques dans les espaces de Volubilis et les monuments historiques de la cit\u00e9 isma\u00e9lienne.<\/p>\n<p>Les organisateurs, qui visent \u00e0 promouvoir le patrimoine mat\u00e9riel et immat\u00e9riel de la ville de Mekn\u00e8s, ont invit\u00e9 des po\u00e8tes d\u2019une quinzaine de pays.<\/p>\n<p>Outre Abdenasser Lekkah, Mohamed Benaissa, Mbarek Erraji, Mohamed Belmou, Mohamed Chenouf et Abdellah Belghiti du Maroc, le public aura rendez-vous avec des lectures po\u00e9tiques de po\u00e8tes venus sp\u00e9cialement de Colombie, de Finlande, de Lituanie, de Venezuela, d\u2019Argentine, de Chine, d\u2019Allemagne, de Belgique, de Salvador, de France, de Chili, d\u2019Egypte, du P\u00e9rou, de Tunisie, d\u2019Espagne et de Palestine.<\/p>\n<p>Des prestations musicales et artistiques viendront agr\u00e9menter la programmation du Festival.<\/p>\n","protected":false},"excerpt":{"rendered":"<p>La ville de Mekn\u00e8s abrite, les 5 et 6 avril, la troisi\u00e8me \u00e9dition du Festival international de la po\u00e9sie sous le th\u00e8me \u00abLa po\u00e9sie dans les monuments historiques\u00bb. Initi\u00e9e par la direction r\u00e9gionale de la culture, la commune de Mekn\u00e8s et la Fondation Kalima pour l\u2019art et la culture, cette manifestation verra la participation de<\/p>\n","protected":false},"author":1,"featured_media":2746,"comment_status":"open","ping_status":"open","sticky":false,"template":"","format":"standard","meta":{"footnotes":""},"categories":[70,6],"tags":[],"_links":{"self":[{"href":"https:\/\/visit-meknes.com\/es\/wp-json\/wp\/v2\/posts\/2745"}],"collection":[{"href":"https:\/\/visit-meknes.com\/es\/wp-json\/wp\/v2\/posts"}],"about":[{"href":"https:\/\/visit-meknes.com\/es\/wp-json\/wp\/v2\/types\/post"}],"author":[{"embeddable":true,"href":"https:\/\/visit-meknes.com\/es\/wp-json\/wp\/v2\/users\/1"}],"replies":[{"embeddable":true,"href":"https:\/\/visit-meknes.com\/es\/wp-json\/wp\/v2\/comments?post=2745"}],"version-history":[{"count":2,"href":"https:\/\/visit-meknes.com\/es\/wp-json\/wp\/v2\/posts\/2745\/revisions"}],"predecessor-version":[{"id":2748,"href":"https:\/\/visit-meknes.com\/es\/wp-json\/wp\/v2\/posts\/2745\/revisions\/2748"}],"wp:featuredmedia":[{"embeddable":true,"href":"https:\/\/visit-meknes.com\/es\/wp-json\/wp\/v2\/media\/2746"}],"wp:attachment":[{"href":"https:\/\/visit-meknes.com\/es\/wp-json\/wp\/v2\/media?parent=2745"}],"wp:term":[{"taxonomy":"category","embeddable":true,"href":"https:\/\/visit-meknes.com\/es\/wp-json\/wp\/v2\/categories?post=2745"},{"taxonomy":"post_tag","embeddable":true,"href":"https:\/\/visit-meknes.com\/es\/wp-json\/wp\/v2\/tags?post=2745"}],"curies":[{"name":"wp","href":"https:\/\/api.w.org\/{rel}","templated":true}]}}