{"id":2727,"date":"2018-03-22T21:58:02","date_gmt":"2018-03-22T21:58:02","guid":{"rendered":"http:\/\/visit-meknes.com\/?p=2727"},"modified":"2018-03-22T21:58:02","modified_gmt":"2018-03-22T21:58:02","slug":"ficam-2018-films-pour-enfants-et-ateliers-ludiques","status":"publish","type":"post","link":"https:\/\/visit-meknes.com\/es\/ficam-2018-films-pour-enfants-et-ateliers-ludiques\/2727\/","title":{"rendered":"FICAM 2018 : Films pour enfants et ateliers ludiques"},"content":{"rendered":"<p>Le Festival International de Cin\u00e9ma d\u2019Animation de Mekn\u00e8s c\u2019est aussi une programmation scolaire d\u00e9di\u00e9e. Lors de cette deuxi\u00e8me journ\u00e9e du programme scolaire les groupes d\u2019enfants, en provenance des \u00e9coles de Mekn\u00e8s avaient rendez-vous avec une programmation riche en projections de films, adapt\u00e9s aux enfants des diff\u00e9rentes tranches d\u2019\u00e2ges, et en ateliers ludiques.<\/p>\n<p>Cette journ\u00e9e a d\u00e9marr\u00e9 par la projection d\u2019un film 3D et du court m\u00e9trage \u00ab\u00a0L\u2019homme le plus petit du monde\u00a0\u00bb, en pr\u00e9sence de son r\u00e9alisateur, le cin\u00e9aste argentin, Juan Pablo Zaramella. Durant la s\u00e9ance de projection, les jeunes spectateurs ont \u00e9t\u00e9 \u00e9merveill\u00e9s par la pr\u00e9sence du h\u00e9ros du film \u00ab\u00a0la marionnette\u00a0\u00bb, qui leur a \u00e9t\u00e9 introduite par son r\u00e9alisateur.<\/p>\n<p>Juan Pablo Zaramella a ensuite enchain\u00e9 avec sa \u00ab\u00a0carte blanche\u00a0\u00bb \u00e0 l\u2019auditorium de la r\u00e9gion F\u00e8s-Mekn\u00e8s. Une s\u00e9ance d\u2019\u00e9change avec le public d\u2019\u00e9tudiants et de professionnels du cin\u00e9ma d\u2019animation lors de la projection et la pr\u00e9sentation de ses diff\u00e9rents courts m\u00e9trages programm\u00e9s.<\/p>\n<p>Dans le cadre du m\u00eame programme p\u00e9dagogique qui vise \u00e0 initier et familiariser les jeunes \u00e0 l\u2019animation, les \u00e9coliers de 6 \u00e0 11 ans ont pu d\u00e9couvrir la technique de cr\u00e9ation d\u2019une fresque grandeur nature \u00e0 partir d\u2019origamis anim\u00e9s, lors d\u2019un atelier propos\u00e9 par \u00ab\u00a0l\u2019Atelier de Cin\u00e9ma d\u2019Animation d\u2019Annecy\u00a0\u00bb.<\/p>\n<p>Par ailleurs, le 2\u00e8me \u00ab\u00a0Th\u00e9 \u00e0 la menthe\u00a0\u00bb, de la programmation, a \u00e9t\u00e9 consacr\u00e9 aux \u00ab\u00a020 ans d\u2019animation fran\u00e7aise ou la r\u00e9volution Kirikou\u00a0\u00bb, avec Jean-Paul Commin et l\u2019\u00e9quipe de Zombill\u00e9nium : Claire La Combe, Arthur de Pins, Alexis Ducord et Henri Magalon.<\/p>\n","protected":false},"excerpt":{"rendered":"<p>Le Festival International de Cin\u00e9ma d\u2019Animation de Mekn\u00e8s c\u2019est aussi une programmation scolaire d\u00e9di\u00e9e. Lors de cette deuxi\u00e8me journ\u00e9e du programme scolaire les groupes d\u2019enfants, en provenance des \u00e9coles de Mekn\u00e8s avaient rendez-vous avec une programmation riche en projections de films, adapt\u00e9s aux enfants des diff\u00e9rentes tranches d\u2019\u00e2ges, et en ateliers ludiques. Cette journ\u00e9e a<\/p>\n","protected":false},"author":1,"featured_media":2728,"comment_status":"open","ping_status":"open","sticky":false,"template":"","format":"standard","meta":{"footnotes":""},"categories":[70,6],"tags":[],"_links":{"self":[{"href":"https:\/\/visit-meknes.com\/es\/wp-json\/wp\/v2\/posts\/2727"}],"collection":[{"href":"https:\/\/visit-meknes.com\/es\/wp-json\/wp\/v2\/posts"}],"about":[{"href":"https:\/\/visit-meknes.com\/es\/wp-json\/wp\/v2\/types\/post"}],"author":[{"embeddable":true,"href":"https:\/\/visit-meknes.com\/es\/wp-json\/wp\/v2\/users\/1"}],"replies":[{"embeddable":true,"href":"https:\/\/visit-meknes.com\/es\/wp-json\/wp\/v2\/comments?post=2727"}],"version-history":[{"count":1,"href":"https:\/\/visit-meknes.com\/es\/wp-json\/wp\/v2\/posts\/2727\/revisions"}],"predecessor-version":[{"id":2729,"href":"https:\/\/visit-meknes.com\/es\/wp-json\/wp\/v2\/posts\/2727\/revisions\/2729"}],"wp:featuredmedia":[{"embeddable":true,"href":"https:\/\/visit-meknes.com\/es\/wp-json\/wp\/v2\/media\/2728"}],"wp:attachment":[{"href":"https:\/\/visit-meknes.com\/es\/wp-json\/wp\/v2\/media?parent=2727"}],"wp:term":[{"taxonomy":"category","embeddable":true,"href":"https:\/\/visit-meknes.com\/es\/wp-json\/wp\/v2\/categories?post=2727"},{"taxonomy":"post_tag","embeddable":true,"href":"https:\/\/visit-meknes.com\/es\/wp-json\/wp\/v2\/tags?post=2727"}],"curies":[{"name":"wp","href":"https:\/\/api.w.org\/{rel}","templated":true}]}}