{"id":2624,"date":"2017-11-10T21:14:27","date_gmt":"2017-11-10T21:14:27","guid":{"rendered":"http:\/\/visit-meknes.com\/?p=2624"},"modified":"2017-11-10T21:22:31","modified_gmt":"2017-11-10T21:22:31","slug":"la-6eme-rencontre-cinematographique-du-court-metrage-du-24-au-26-novembre-a-meknes","status":"publish","type":"post","link":"https:\/\/visit-meknes.com\/es\/la-6eme-rencontre-cinematographique-du-court-metrage-du-24-au-26-novembre-a-meknes\/2624\/","title":{"rendered":"La 6\u00e8me Rencontre cin\u00e9matographique du court m\u00e9trage du 24 au 26 novembre \u00e0 Mekn\u00e8s"},"content":{"rendered":"<p><strong>L&rsquo;association \u00ab\u00a0Services Arts\u00a0\u00bb organise, du 24 au 26 novembre, la 6\u00e8me \u00e9dition de la Rencontre cin\u00e9matographique du court m\u00e9trage de Mekn\u00e8s, avec le soutien du Centre cin\u00e9matographique marocain (CCM).<\/strong><\/p>\n<p>Cet \u00e9v\u00e9nement est \u00e9galement organis\u00e9 avec l&rsquo;appui de la Commission d&rsquo;aide \u00e0 l&rsquo;organisation des festivals cin\u00e9matographiques, la pr\u00e9fecture de Mekn\u00e8s, la commune urbaine et d&rsquo;autres partenaires, indique un communiqu\u00e9 des organisateurs, notant que le programme de cette nouvelle \u00e9dition comprend une comp\u00e9tition de courts m\u00e9trages marocains qui seront d\u00e9partag\u00e9s par un jury pr\u00e9sid\u00e9 par le r\u00e9alisateur Mohamed Chrif Tribak. Le jury de la comp\u00e9tition officielle sera compos\u00e9 \u00e9galement par le critique de cin\u00e9ma Mohamed Soula, le deuxi\u00e8me pr\u00e9sident de la Ligue des Cin\u00e9 Clubs du Maroc (1983-1992) Al Mokhtar A\u00eft Omar, la chercheuse Laila Agdi et l&rsquo;actrice Sanae Regragui.<\/p>\n<p>Au menu de cette manifestation culturelle, une rencontre avec Tribak et une s\u00e9ance de d\u00e9dicace de son ouvrage \u00ab\u00a0La langue cin\u00e9matographique: de l&rsquo;extase \u00e0 la po\u00e9tique de l\u2019aust\u00e9rit\u00e9\u00a0\u00bb (2017), deux ateliers de formation dans l&rsquo;\u00e9criture de sc\u00e9narios et de scripts, un hommage \u00e0 l&rsquo;acteur Yassine Ahajjam, une exposition photographique, outre des rencontres avec les r\u00e9alisateurs des quatorze films en lice dans la comp\u00e9tition officielle du festival.<\/p>\n","protected":false},"excerpt":{"rendered":"<p>L&rsquo;association \u00ab\u00a0Services Arts\u00a0\u00bb organise, du 24 au 26 novembre, la 6\u00e8me \u00e9dition de la Rencontre cin\u00e9matographique du court m\u00e9trage de Mekn\u00e8s, avec le soutien du Centre cin\u00e9matographique marocain (CCM). Cet \u00e9v\u00e9nement est \u00e9galement organis\u00e9 avec l&rsquo;appui de la Commission d&rsquo;aide \u00e0 l&rsquo;organisation des festivals cin\u00e9matographiques, la pr\u00e9fecture de Mekn\u00e8s, la commune urbaine et d&rsquo;autres partenaires,<\/p>\n","protected":false},"author":1,"featured_media":2625,"comment_status":"open","ping_status":"open","sticky":false,"template":"","format":"standard","meta":{"footnotes":""},"categories":[70,6],"tags":[],"_links":{"self":[{"href":"https:\/\/visit-meknes.com\/es\/wp-json\/wp\/v2\/posts\/2624"}],"collection":[{"href":"https:\/\/visit-meknes.com\/es\/wp-json\/wp\/v2\/posts"}],"about":[{"href":"https:\/\/visit-meknes.com\/es\/wp-json\/wp\/v2\/types\/post"}],"author":[{"embeddable":true,"href":"https:\/\/visit-meknes.com\/es\/wp-json\/wp\/v2\/users\/1"}],"replies":[{"embeddable":true,"href":"https:\/\/visit-meknes.com\/es\/wp-json\/wp\/v2\/comments?post=2624"}],"version-history":[{"count":1,"href":"https:\/\/visit-meknes.com\/es\/wp-json\/wp\/v2\/posts\/2624\/revisions"}],"predecessor-version":[{"id":2626,"href":"https:\/\/visit-meknes.com\/es\/wp-json\/wp\/v2\/posts\/2624\/revisions\/2626"}],"wp:featuredmedia":[{"embeddable":true,"href":"https:\/\/visit-meknes.com\/es\/wp-json\/wp\/v2\/media\/2625"}],"wp:attachment":[{"href":"https:\/\/visit-meknes.com\/es\/wp-json\/wp\/v2\/media?parent=2624"}],"wp:term":[{"taxonomy":"category","embeddable":true,"href":"https:\/\/visit-meknes.com\/es\/wp-json\/wp\/v2\/categories?post=2624"},{"taxonomy":"post_tag","embeddable":true,"href":"https:\/\/visit-meknes.com\/es\/wp-json\/wp\/v2\/tags?post=2624"}],"curies":[{"name":"wp","href":"https:\/\/api.w.org\/{rel}","templated":true}]}}