{"id":2599,"date":"2017-10-16T18:29:51","date_gmt":"2017-10-16T18:29:51","guid":{"rendered":"http:\/\/visit-meknes.com\/?p=2599"},"modified":"2017-10-16T18:31:48","modified_gmt":"2017-10-16T18:31:48","slug":"la-2e-edition-du-festival-de-meknes","status":"publish","type":"post","link":"https:\/\/visit-meknes.com\/es\/la-2e-edition-du-festival-de-meknes\/2599\/","title":{"rendered":"La 2e \u00e9dition du \u00abFestival de Mekn\u00e8s\u00bb"},"content":{"rendered":"<p><strong>La 2e \u00e9dition du \u00abFestival de Mekn\u00e8s\u00bb aura lieu du 20 au 27 octobre, \u00e0 l\u2019initiative de la commune urbaine.<\/strong><\/p>\n<p>Cet \u00e9v\u00e8nement fait suite \u00e0 une premi\u00e8re \u00e9dition, cr\u00e9\u00e9e en comm\u00e9moration du 20\u00e8 anniversaire du classement de la cit\u00e9 isma\u00e9lite par l\u2019Unesco patrimoine universel de l\u2019humanit\u00e9. A travers une programmation aussi riche que vari\u00e9e, les organisateurs aspirent \u00e0 contribuer au d\u00e9veloppement socio-\u00e9conomique de la ville, \u00e0 la promotion du potentiel de la cit\u00e9 et \u00e0 la pr\u00e9servation de son patrimoine culturel et historique. Des tables rondes, des forums, des ateliers, des foires de produits locaux et des visites touristiques sont au programme de cette 2e \u00e9dition.<\/p>\n","protected":false},"excerpt":{"rendered":"<p>La 2e \u00e9dition du \u00abFestival de Mekn\u00e8s\u00bb aura lieu du 20 au 27 octobre, \u00e0 l\u2019initiative de la commune urbaine. Cet \u00e9v\u00e8nement fait suite \u00e0 une premi\u00e8re \u00e9dition, cr\u00e9\u00e9e en comm\u00e9moration du 20\u00e8 anniversaire du classement de la cit\u00e9 isma\u00e9lite par l\u2019Unesco patrimoine universel de l\u2019humanit\u00e9. A travers une programmation aussi riche que vari\u00e9e, les<\/p>\n","protected":false},"author":1,"featured_media":2600,"comment_status":"open","ping_status":"open","sticky":false,"template":"","format":"standard","meta":{"footnotes":""},"categories":[70],"tags":[],"_links":{"self":[{"href":"https:\/\/visit-meknes.com\/es\/wp-json\/wp\/v2\/posts\/2599"}],"collection":[{"href":"https:\/\/visit-meknes.com\/es\/wp-json\/wp\/v2\/posts"}],"about":[{"href":"https:\/\/visit-meknes.com\/es\/wp-json\/wp\/v2\/types\/post"}],"author":[{"embeddable":true,"href":"https:\/\/visit-meknes.com\/es\/wp-json\/wp\/v2\/users\/1"}],"replies":[{"embeddable":true,"href":"https:\/\/visit-meknes.com\/es\/wp-json\/wp\/v2\/comments?post=2599"}],"version-history":[{"count":2,"href":"https:\/\/visit-meknes.com\/es\/wp-json\/wp\/v2\/posts\/2599\/revisions"}],"predecessor-version":[{"id":2602,"href":"https:\/\/visit-meknes.com\/es\/wp-json\/wp\/v2\/posts\/2599\/revisions\/2602"}],"wp:featuredmedia":[{"embeddable":true,"href":"https:\/\/visit-meknes.com\/es\/wp-json\/wp\/v2\/media\/2600"}],"wp:attachment":[{"href":"https:\/\/visit-meknes.com\/es\/wp-json\/wp\/v2\/media?parent=2599"}],"wp:term":[{"taxonomy":"category","embeddable":true,"href":"https:\/\/visit-meknes.com\/es\/wp-json\/wp\/v2\/categories?post=2599"},{"taxonomy":"post_tag","embeddable":true,"href":"https:\/\/visit-meknes.com\/es\/wp-json\/wp\/v2\/tags?post=2599"}],"curies":[{"name":"wp","href":"https:\/\/api.w.org\/{rel}","templated":true}]}}