{"id":2596,"date":"2017-10-16T18:26:39","date_gmt":"2017-10-16T18:26:39","guid":{"rendered":"http:\/\/visit-meknes.com\/?p=2596"},"modified":"2017-10-16T18:26:39","modified_gmt":"2017-10-16T18:26:39","slug":"la-6eme-edition-du-festival-national-des-pommes-a-ifrane","status":"publish","type":"post","link":"https:\/\/visit-meknes.com\/es\/la-6eme-edition-du-festival-national-des-pommes-a-ifrane\/2596\/","title":{"rendered":"La 6\u00e8me \u00e9dition du Festival National des Pommes \u00e0 IFRANE"},"content":{"rendered":"<p><strong>La Direction R\u00e9gionale de l\u2019Agriculture de F\u00e8s-Mekn\u00e8s, en partenariat avec les acteurs de d\u00e9veloppement de la fili\u00e8re Pomme, organise la 6\u00e8me \u00e9dition du Festival des Pommes du 21 au 22 Octobre 2017 \u00e0 la ville d\u2019IFRANE.<\/strong><\/p>\n<p>Situ\u00e9e dans les montagnes du Moyen Atlas, la petite Suisse du Maroc Ifrane c\u00e9l\u00e8bre la notori\u00e9t\u00e9 de sa Pomme dont jouit ce fruit, cet \u00e9v\u00e9nement conna\u00eetra un programme riche et vari\u00e9 mariant exposition de la pomme de la r\u00e9gion, \u00e9changes sur la ma\u00eetrise de la qualit\u00e9 de la pomme, la valorisation des produits locaux, et sur les d\u00e9fis de la commercialisation.<\/p>\n<p>La fili\u00e8re de la pomme occupe une place importante dans le tissu agricole marocain, elle domine 44 000 ha de la superficie nationale, et se place en 2\u00e8me rang au niveau des rosac\u00e9es fruiti\u00e8res avec 20% de leur superficie totale.<\/p>\n<p>En outre, de toutes les r\u00e9gions du Maroc, la r\u00e9gion de F\u00e8s-Mekn\u00e8s est celle qui tire la grande partie de la manne apport\u00e9e par la culture de la pomme. Elle concentre plus de 30% de la production nationale et 31% des superficies cultiv\u00e9es du pays. La production r\u00e9gionale a atteint 354 268 T (campagne 2015\/2016) sur une superficie de 15 700 Ha.<\/p>\n<p>Les zones de production les plus importantes sont localis\u00e9es en zones de hautes et moyennes altitudes du haut et du moyen Atlas, la r\u00e9partition de la superficie montre que la province d\u2019Ifrane occupe la premi\u00e8re place au niveau r\u00e9gional avec 45%, suivie par la province de Sefrou avec 28% de la superficie, puis vient respectivement El Hajeb et Boulemane .<\/p>\n<figure id=\"attachment_12404\" class=\"wp-caption alignnone\"><a href=\"http:\/\/www.levert.ma\/wp-content\/uploads\/2017\/10\/VIS-POMME-1-copie.jpg?x33856\"><img decoding=\"async\" class=\"size-full wp-image-12404\" src=\"http:\/\/www.levert.ma\/wp-content\/uploads\/2017\/10\/VIS-POMME-1-copie.jpg?x33856\" sizes=\"(max-width: 1000px) 100vw, 1000px\" srcset=\"http:\/\/www.levert.ma\/wp-content\/uploads\/2017\/10\/VIS-POMME-1-copie.jpg 1000w, http:\/\/www.levert.ma\/wp-content\/uploads\/2017\/10\/VIS-POMME-1-copie-300x286.jpg 300w, http:\/\/www.levert.ma\/wp-content\/uploads\/2017\/10\/VIS-POMME-1-copie-768x731.jpg 768w\" alt=\"La fili\u00e8re de l\u2019Oignon entre Pari de Valorisation et D\u00e9fi de Commercialisation\" width=\"100%\" height=\"952\" \/><\/a><figcaption class=\"wp-caption-text\"><strong>La fili\u00e8re de l\u2019Oignon entre Pari de Valorisation et D\u00e9fi de Commercialisation.<\/strong><\/figcaption><\/figure>\n<h4><strong>Les objectifs de la 6\u00e8me \u00e9dition du Festival National des Pommes :<\/strong><\/h4>\n<p>Le festival est une manifestation annuelle qui a pour objectif de valoriser les potentialit\u00e9s agricoles de la r\u00e9gion dans le domaine des rosac\u00e9es fruiti\u00e8res, le pommier en particulier.<\/p>\n<p>Il vise \u00e0 instaurer un espace de rencontre et d\u2019\u00e9changes entre les diff\u00e9rents acteurs et professionnels du domaine afin de s\u2019informer, partager et \u00e9changer les bonnes pratiques en mati\u00e8re de production, de valorisation et de commercialisation du pommier.<\/p>\n<p>Cette rencontre est une occasion propice pour aborder et discuter des probl\u00e8mes et entraves rencontr\u00e9s lors de cette campagne par les arboriculteurs de la r\u00e9gion de F\u00e8s-Mekn\u00e8s et national, et trouver les meilleures pratiques pour faire face \u00e0 l\u2019ensemble des d\u00e9fis qui s\u2019imposent. Cette \u00e9dition est aussi une opportunit\u00e9 pour :<\/p>\n<ul>\n<li>D\u00e9battre sur les diff\u00e9rentes formes de valorisation, les techniques et les bonnes pratiques utilis\u00e9es pour aboutir \u00e0 un produit appr\u00e9ci\u00e9 dans un march\u00e9 fortement concurrentiel.<\/li>\n<li>Sensibiliser les producteurs sur l\u2019importance de la valorisation de la production dans l\u2019am\u00e9lioration du secteur.<\/li>\n<li>\u00c9tudier les probl\u00e8mes de commercialisation des fruits eu \u00e9gard les imp\u00e9ratifs de normalisation, d\u2019entreposage et de transformation.<\/li>\n<\/ul>\n<p>Le festival sera rehauss\u00e9 par une journ\u00e9e scientifique d\u00e9di\u00e9e au th\u00e8me de cette \u00e9dition \u00ab\u00a0<em>La fili\u00e8re pomme entre pari de valorisation et d\u00e9fi de commercialisation<\/em>\u00a0\u00bb.<\/p>\n<p>Le d\u00e9bat scientifique sera organis\u00e9 sous forme d\u2019expos\u00e9s qui porteront sur les th\u00e8mes suivants :<\/p>\n<ul>\n<li>La qualit\u00e9 de la pomme, une approche in\u00e9vitable pour une meilleure commercialisation ;<\/li>\n<li>La valorisation de la pomme et la ma\u00eetrise des techniques de l\u2019entreposage frigorifique;<\/li>\n<li>T\u00e9moignages des professionnels du domaine sur les opportunit\u00e9s et les contraintes de la commercialisation des pommes Bio.<\/li>\n<\/ul>\n","protected":false},"excerpt":{"rendered":"<p>La Direction R\u00e9gionale de l\u2019Agriculture de F\u00e8s-Mekn\u00e8s, en partenariat avec les acteurs de d\u00e9veloppement de la fili\u00e8re Pomme, organise la 6\u00e8me \u00e9dition du Festival des Pommes du 21 au 22 Octobre 2017 \u00e0 la ville d\u2019IFRANE. Situ\u00e9e dans les montagnes du Moyen Atlas, la petite Suisse du Maroc Ifrane c\u00e9l\u00e8bre la notori\u00e9t\u00e9 de sa Pomme<\/p>\n","protected":false},"author":1,"featured_media":2597,"comment_status":"open","ping_status":"open","sticky":false,"template":"","format":"standard","meta":{"footnotes":""},"categories":[70],"tags":[],"_links":{"self":[{"href":"https:\/\/visit-meknes.com\/es\/wp-json\/wp\/v2\/posts\/2596"}],"collection":[{"href":"https:\/\/visit-meknes.com\/es\/wp-json\/wp\/v2\/posts"}],"about":[{"href":"https:\/\/visit-meknes.com\/es\/wp-json\/wp\/v2\/types\/post"}],"author":[{"embeddable":true,"href":"https:\/\/visit-meknes.com\/es\/wp-json\/wp\/v2\/users\/1"}],"replies":[{"embeddable":true,"href":"https:\/\/visit-meknes.com\/es\/wp-json\/wp\/v2\/comments?post=2596"}],"version-history":[{"count":1,"href":"https:\/\/visit-meknes.com\/es\/wp-json\/wp\/v2\/posts\/2596\/revisions"}],"predecessor-version":[{"id":2598,"href":"https:\/\/visit-meknes.com\/es\/wp-json\/wp\/v2\/posts\/2596\/revisions\/2598"}],"wp:featuredmedia":[{"embeddable":true,"href":"https:\/\/visit-meknes.com\/es\/wp-json\/wp\/v2\/media\/2597"}],"wp:attachment":[{"href":"https:\/\/visit-meknes.com\/es\/wp-json\/wp\/v2\/media?parent=2596"}],"wp:term":[{"taxonomy":"category","embeddable":true,"href":"https:\/\/visit-meknes.com\/es\/wp-json\/wp\/v2\/categories?post=2596"},{"taxonomy":"post_tag","embeddable":true,"href":"https:\/\/visit-meknes.com\/es\/wp-json\/wp\/v2\/tags?post=2596"}],"curies":[{"name":"wp","href":"https:\/\/api.w.org\/{rel}","templated":true}]}}