{"id":2466,"date":"2017-03-26T22:03:57","date_gmt":"2017-03-26T22:03:57","guid":{"rendered":"http:\/\/visit-meknes.com\/?p=2466"},"modified":"2017-03-26T22:03:57","modified_gmt":"2017-03-26T22:03:57","slug":"cloture-du-festival-international-du-film-danimation-a-meknes","status":"publish","type":"post","link":"https:\/\/visit-meknes.com\/es\/cloture-du-festival-international-du-film-danimation-a-meknes\/2466\/","title":{"rendered":"Cl\u00f4ture du Festival international du film d\u2019animation \u00e0 Mekn\u00e8s"},"content":{"rendered":"<p>Le Festival international du film d\u2019animation de Mekn\u00e8s (FICAM) s\u2019est cl\u00f4tur\u00e9 en beaut\u00e9 dans la soir\u00e9e du mercredi 22 mars. Plusieurs prix ont \u00e9t\u00e9 d\u00e9cern\u00e9s lors de la c\u00e9r\u00e9monie de cl\u00f4ture, indique l\u2019\u00e9v\u00e8nement dans un communiqu\u00e9 de presse. Passons en revue les moments forts de la 16e \u00e9dition du FICAM.<\/p>\n<p>Le Prix du public est remport\u00e9 par deux r\u00e9alisateurs ex \u00e6quo : Kris Borghs pour \u00abNo offence\u00bb et Chadi Aoun pour \u00abSilence\u00bb. Le Grand prix FICAM 2017 a \u00e9t\u00e9 d\u00e9cern\u00e9 \u00e0 Dahee Jeong pour \u00abThe Empty\u00bb, le Prix sp\u00e9cial du jury \u00e0 Franck Dion pour \u00abUne t\u00eate dispara\u00eet\u00bb et la palme du meilleur film \u00e9tudiant revient \u00e0 celui d\u2019Eug\u00e8ne Boitsov, \u00abLa table\u00bb. Le jury \u00e9tait plut\u00f4t cosmopolite puisque les personnalit\u00e9s qui le composaient \u00e9taient issues de Suisse, du Canada, de la Belgique et la France. Le Maroc \u00e9tait quant \u00e0 lui repr\u00e9sent\u00e9 par le journaliste Bilal Marmid.<\/p>\n<p>Autre moment fort de cette soir\u00e9e : David Silverman, r\u00e9alisateur des \u00abSimpson\u00bb, a souffl\u00e9 la 30e bougie d\u2019anniversaire de la s\u00e9rie devant un public conquis.<\/p>\n<p><img decoding=\"async\" src=\"https:\/\/static.yabiladi.com\/img\/assets\/L.jpg\" alt=\"\" width=\"100%\" height=\"auto\" \/><\/p>\n<p>C\u00f4t\u00e9 chiffre, 6 000 spectateurs se sont d\u00e9plac\u00e9s pour assister aux nombreux ateliers (Masters classes, Th\u00e9 \u00e0 la menthe, etc.) et d\u00e9couvrir les 50 films projet\u00e9s lors de l\u2019\u00e9dition 2017 du FICAM. De plus, 7 500 \u00e9coliers ont b\u00e9n\u00e9fici\u00e9 de projections scolaires.<\/p>\n<p>La fondation A\u00efcha a par ailleurs confirm\u00e9 que le projet de doter la ville de Mekn\u00e8s d\u2019une \u00e9cole d\u00e9di\u00e9e au cin\u00e9ma d\u2019animation est en cours de finalisation pour la rentr\u00e9e scolaire 2017-2018.<\/p>\n","protected":false},"excerpt":{"rendered":"<p>Le Festival international du film d\u2019animation de Mekn\u00e8s (FICAM) s\u2019est cl\u00f4tur\u00e9 en beaut\u00e9 dans la soir\u00e9e du mercredi 22 mars. Plusieurs prix ont \u00e9t\u00e9 d\u00e9cern\u00e9s lors de la c\u00e9r\u00e9monie de cl\u00f4ture, indique l\u2019\u00e9v\u00e8nement dans un communiqu\u00e9 de presse. Passons en revue les moments forts de la 16e \u00e9dition du FICAM. Le Prix du public est<\/p>\n","protected":false},"author":1,"featured_media":2467,"comment_status":"open","ping_status":"open","sticky":false,"template":"","format":"standard","meta":{"footnotes":""},"categories":[6],"tags":[],"_links":{"self":[{"href":"https:\/\/visit-meknes.com\/es\/wp-json\/wp\/v2\/posts\/2466"}],"collection":[{"href":"https:\/\/visit-meknes.com\/es\/wp-json\/wp\/v2\/posts"}],"about":[{"href":"https:\/\/visit-meknes.com\/es\/wp-json\/wp\/v2\/types\/post"}],"author":[{"embeddable":true,"href":"https:\/\/visit-meknes.com\/es\/wp-json\/wp\/v2\/users\/1"}],"replies":[{"embeddable":true,"href":"https:\/\/visit-meknes.com\/es\/wp-json\/wp\/v2\/comments?post=2466"}],"version-history":[{"count":1,"href":"https:\/\/visit-meknes.com\/es\/wp-json\/wp\/v2\/posts\/2466\/revisions"}],"predecessor-version":[{"id":2468,"href":"https:\/\/visit-meknes.com\/es\/wp-json\/wp\/v2\/posts\/2466\/revisions\/2468"}],"wp:featuredmedia":[{"embeddable":true,"href":"https:\/\/visit-meknes.com\/es\/wp-json\/wp\/v2\/media\/2467"}],"wp:attachment":[{"href":"https:\/\/visit-meknes.com\/es\/wp-json\/wp\/v2\/media?parent=2466"}],"wp:term":[{"taxonomy":"category","embeddable":true,"href":"https:\/\/visit-meknes.com\/es\/wp-json\/wp\/v2\/categories?post=2466"},{"taxonomy":"post_tag","embeddable":true,"href":"https:\/\/visit-meknes.com\/es\/wp-json\/wp\/v2\/tags?post=2466"}],"curies":[{"name":"wp","href":"https:\/\/api.w.org\/{rel}","templated":true}]}}