{"id":2416,"date":"2017-03-04T22:53:15","date_gmt":"2017-03-04T22:53:15","guid":{"rendered":"http:\/\/visit-meknes.com\/?p=2416"},"modified":"2017-03-04T22:53:15","modified_gmt":"2017-03-04T22:53:15","slug":"meknes-capitale-mondiale-du-cinema-danimation","status":"publish","type":"post","link":"https:\/\/visit-meknes.com\/es\/meknes-capitale-mondiale-du-cinema-danimation\/2416\/","title":{"rendered":"Mekn\u00e8s, capitale mondiale du cin\u00e9ma d\u2019animation"},"content":{"rendered":"<p>Un \u00e9v\u00e8nement qui enregistre annuellement des milliers d\u2019entr\u00e9es, la cit\u00e9 isma\u00eflienne accueillera, du 17 au 22 mars<br \/>\ncourant, la 16\u00e8me \u00e9dition du Festival international\u00a0de cin\u00e9ma d\u2019animation. Projections, expositions, master-classes et tables rondes constitueront les temps forts de cette \u00e9dition.<\/p>\n<p>Le Festival international de cin\u00e9ma d\u2019animation de Mekn\u00e8s (FICAM), sera de retour pour une nouvelle \u00e9dition qui consacrera un focus au cin\u00e9ma d\u2019animation des Pays-Bas \u00e0 travers la pr\u00e9sence d\u2019invit\u00e9s de marque dont Michael Dudok de Wit, r\u00e9alisateur de \u00abLa tortue rouge\u00bb, long-m\u00e9trage d\u2019animation nomm\u00e9 aux C\u00e9sars et aux Oscars 2017, Rosto, reconnu \u00e0 l\u2019\u00e9chelle internationale pour ses courts-m\u00e9trages ind\u00e9pendants et Willem Thijssen, producteur. \u00a0Organis\u00e9 par la Fondation A\u00efcha, en partenariat avec l\u2019Institut fran\u00e7ais de Mekn\u00e8s, le festival qui sera ouvert par \u00abMa vie de courgette\u00bb \u00a0de Claude Barras continue \u00e0 accompagner l\u2019\u00e9mergence de la cr\u00e9ation marocaine du cin\u00e9ma d\u2019animation en abritant les deux prestigieuses comp\u00e9titions internationales au Maroc et en Afrique d\u00e9di\u00e9es au court et au long m\u00e9trages d\u2019animation avec un jury professionnel et deux jurys junior compos\u00e9s de lyc\u00e9ens de Mekn\u00e8s. \u00a0Ainsi le Grand Prix A\u00efcha de l\u2019animation (GPAA) repr\u00e9sente un v\u00e9ritable soutien \u00e0 la cr\u00e9ation marocaine, r\u00e9v\u00e9lant chaque ann\u00e9e de jeunes artistes marocains et constituant un tremplin vers la professionnalisation. Preuve: Abdellatif El Ayyadi, laur\u00e9at de ce prix, aura le privil\u00e8ge de projeter sa cr\u00e9ation pendant l\u2019ouverture du FICAM. Son court-m\u00e9trage d\u2019animation \u00ab\u0152uf\u00bb a b\u00e9n\u00e9fici\u00e9 du soutien de la Fondation A\u00efcha \u00e0 hauteur de 50.000 dirhams, d\u2019une r\u00e9sidence artistique \u00e0 l\u2019Abbaye de Fontevraud en France, ainsi que d\u2019une bourse de cr\u00e9ation de l\u2019Institut fran\u00e7ais du Maroc.<\/p>\n<p>Comme \u00e0 l\u2019accoutum\u00e9e, le festival accueillera cette ann\u00e9e de nombreuses personnalit\u00e9s prestigieuses du film d\u2019animation international telles que Michel Ocelot, Jean-Fran\u00e7ois Laguionie, Claude Barras, Vincent Patar et St\u00e9phane Aubier, Bill Plympton, ou encore David Silverman. \u00abEnum\u00e9rer les artistes invit\u00e9s \u00e0 la 16\u00e8me \u00e9dition du FICAM permet de mesurer r\u00e9ellement le chemin parcouru depuis les d\u00e9buts du festival. Comment cacher sa fiert\u00e9 quand on arrive, apr\u00e8s des ann\u00e9es de pers\u00e9v\u00e9rance, \u00e0 accueillir des grandes personnalit\u00e9s du film d\u2019animation international dans sa diversit\u00e9 et de consacrer ainsi le FICAM comme le rendez-vous d\u00e9di\u00e9 au film d\u2019animation au Maroc?\u00bb, souligne Mohamed Beyoud, directeur artistique du festival. \u00abComment cacher sa fiert\u00e9 quand nous r\u00e9unissons, dans nos ateliers de formation, des jeunes Marocains issus des diff\u00e9rentes \u00e9coles d\u2019art et d\u2019audiovisuel marocaines ? Comment cacher sa fiert\u00e9 quand on voit d\u00e9ferler dans les salles obscures des centaines d\u2019enfants \u00e9merveill\u00e9s face \u00e0 l\u2019\u0153uvre cin\u00e9matographique et aux professionnels invit\u00e9s pour la partager?\u00bb, se demande-t-il avant de pr\u00e9ciser qu\u2019il reste certes du travail pour \u00abd\u00e9velopper d\u2019autres volets du festival qui nous tiennent \u00e0 c\u0153ur et notamment la formation, mais nous sommes en mesure d\u2019affirmer qu\u2019au fil des ann\u00e9es, les fondements solides d\u2019un festival de cin\u00e9ma d\u2019animation international sont pos\u00e9es\u00bb. \u00abLa jeunesse repr\u00e9sente l\u2019une des forces de cet \u00e9v\u00e8nement qui rassemble, gr\u00e2ce \u00e0 nos partenaires p\u00e9dagogiques et institutionnels, des potentialit\u00e9s de tout le Maroc, de T\u00e9touan \u00e0 Ouarzazate, en passant par Casablanca et Rabat\u00bb, conclut Mohamed Beyoud.<\/p>\n<p>Notons, par ailleurs, qu\u2019un hommage sera rendu \u00e0 Michel Ocelot, invit\u00e9 d\u2019honneur de cette \u00e9dition. En 2002, il \u00e9tait l\u2019invit\u00e9 de la 2\u00e8me \u00e9dition du FICAM. Le s\u00e9jour lui permet d\u2019encadrer le premier atelier cin\u00e9ma d\u2019animation, destin\u00e9 \u00e0 des enseignants. En 2007, l\u2019artiste est revenu pr\u00e9senter \u00e0 Mekn\u00e8s au Th\u00e9\u00e2tre de l\u2019Institut fran\u00e7ais son film \u00abAzur et Asmar\u00bb. Nous le retrouvons en 2010, pour les dix ans du FICAM. Il est alors s\u00e9duit par le d\u00e9veloppement de la manifestation et par toutes les personnalit\u00e9s internationales pr\u00e9sentes. En 2011, sur une invitation de l\u2019Institut fran\u00e7ais du Maroc, il se rend cette fois-ci, \u00e0 Casablanca pour une classe de ma\u00eetre \u00e0 l\u2019Ecole sup\u00e9rieure des Beaux-Arts.<\/p>\n<p>En plus de l\u2019invit\u00e9 d\u2019honneur, il y aura \u00e9galement un invit\u00e9 d\u2019exception. Il s\u2019agit \u00a0 de David Silverman. Une sommit\u00e9, parmi d\u2019autres cette ann\u00e9e, qui foule la terre de la belle capitale isma\u00eflienne pour le plus grand bonheur des festivaliers. A travers cette pr\u00e9sence, le FICAM c\u00e9l\u00e8bre les trente ans des Simpson, s\u00e9rie mythique, plan\u00e9taire qui traverse les g\u00e9n\u00e9rations. Il c\u00e9l\u00e8bre, par la m\u00eame occasion, le riche parcours de David Silverman, un artiste d\u2019exception qui a remport\u00e9 le Emmy Award du meilleur r\u00e9alisateur \u00e0 quatre reprises.<\/p>\n","protected":false},"excerpt":{"rendered":"<p>Un \u00e9v\u00e8nement qui enregistre annuellement des milliers d\u2019entr\u00e9es, la cit\u00e9 isma\u00eflienne accueillera, du 17 au 22 mars courant, la 16\u00e8me \u00e9dition du Festival international\u00a0de cin\u00e9ma d\u2019animation. Projections, expositions, master-classes et tables rondes constitueront les temps forts de cette \u00e9dition. Le Festival international de cin\u00e9ma d\u2019animation de Mekn\u00e8s (FICAM), sera de retour pour une nouvelle \u00e9dition<\/p>\n","protected":false},"author":1,"featured_media":2417,"comment_status":"open","ping_status":"open","sticky":false,"template":"","format":"standard","meta":{"footnotes":""},"categories":[70],"tags":[],"_links":{"self":[{"href":"https:\/\/visit-meknes.com\/es\/wp-json\/wp\/v2\/posts\/2416"}],"collection":[{"href":"https:\/\/visit-meknes.com\/es\/wp-json\/wp\/v2\/posts"}],"about":[{"href":"https:\/\/visit-meknes.com\/es\/wp-json\/wp\/v2\/types\/post"}],"author":[{"embeddable":true,"href":"https:\/\/visit-meknes.com\/es\/wp-json\/wp\/v2\/users\/1"}],"replies":[{"embeddable":true,"href":"https:\/\/visit-meknes.com\/es\/wp-json\/wp\/v2\/comments?post=2416"}],"version-history":[{"count":1,"href":"https:\/\/visit-meknes.com\/es\/wp-json\/wp\/v2\/posts\/2416\/revisions"}],"predecessor-version":[{"id":2418,"href":"https:\/\/visit-meknes.com\/es\/wp-json\/wp\/v2\/posts\/2416\/revisions\/2418"}],"wp:featuredmedia":[{"embeddable":true,"href":"https:\/\/visit-meknes.com\/es\/wp-json\/wp\/v2\/media\/2417"}],"wp:attachment":[{"href":"https:\/\/visit-meknes.com\/es\/wp-json\/wp\/v2\/media?parent=2416"}],"wp:term":[{"taxonomy":"category","embeddable":true,"href":"https:\/\/visit-meknes.com\/es\/wp-json\/wp\/v2\/categories?post=2416"},{"taxonomy":"post_tag","embeddable":true,"href":"https:\/\/visit-meknes.com\/es\/wp-json\/wp\/v2\/tags?post=2416"}],"curies":[{"name":"wp","href":"https:\/\/api.w.org\/{rel}","templated":true}]}}