{"id":2356,"date":"2016-11-29T18:45:00","date_gmt":"2016-11-29T18:45:00","guid":{"rendered":"http:\/\/visit-meknes.com\/?p=2356"},"modified":"2016-11-29T18:45:00","modified_gmt":"2016-11-29T18:45:00","slug":"meknes-sapprete-a-celebrer-le-20e-anniversaire-de-sa-classification-par-lunesco-patrimoine-universel-de-lhumanite","status":"publish","type":"post","link":"https:\/\/visit-meknes.com\/es\/meknes-sapprete-a-celebrer-le-20e-anniversaire-de-sa-classification-par-lunesco-patrimoine-universel-de-lhumanite\/2356\/","title":{"rendered":"Mekn\u00e8s s&rsquo;appr\u00eate \u00e0 c\u00e9l\u00e9brer le 20e anniversaire de sa classification par l\u2019Unesco patrimoine universel de l\u2019humanit\u00e9"},"content":{"rendered":"<p style=\"text-align: justify;\">La cit\u00e9 isma\u00e9lite s\u2019appr\u00eate \u00e0 c\u00e9l\u00e9brer du 2 au 7 d\u00e9cembre prochain le 20-\u00e8me anniversaire de sa classification par l&rsquo;Organisation des Nations unies pour l&rsquo;\u00e9ducation, la science et la culture (UNESCO), patrimoine universel de l\u2019humanit\u00e9.<\/p>\n<p style=\"text-align: justify;\">Cet \u00e9v\u00e9nement intitul\u00e9 \u00ab\u00a0Festival de Mekn\u00e8s\u00a0\u00bb sera une occasion propice pour faire sortir la cit\u00e9 isma\u00e9lite de sa l\u00e9thargie culturelle et promouvoir le potentiel de la r\u00e9gion de la cit\u00e9 imp\u00e9riale Isma\u00e9lite.<\/p>\n<p style=\"text-align: justify;\">Le Festival permettra aussi \u00e0 Mekn\u00e8s d\u2019aspirer \u00e0 un d\u00e9veloppement touristique soutenu et durable, \u00e0 travers une programmation artistique et cultuelle vari\u00e9e. Ainsi des intellectuels pr\u00e9sents se pencheront entre autres sur l\u2019histoire glorieuse de la ville faisant en sorte que la po\u00e9tique rejoigne le politique et la spiritualit\u00e9 se conjugue avec les notions de d\u00e9veloppement et d&rsquo;entreprise.<\/p>\n<p style=\"text-align: justify;\">Le Festival de Mekn\u00e8s proposera gratuitement au grand public des concerts, des expositions, des soir\u00e9es soufies, des animations p\u00e9dagogiques ainsi que des activit\u00e9s artistiques.<\/p>\n<p style=\"text-align: justify;\">Et pour d\u00e9mocratiser le plaisir de la culture, le festival revient cette ann\u00e9e avec une programmation incluant des concerts gratuits, plus orient\u00e9s vers le grand public, des soir\u00e9es soufies dans les joyeux sites historiques de Mekn\u00e8s, ainsi que des activit\u00e9s p\u00e9dagogiques et artistiques pour enfants et adolescents. De c\u00e9l\u00e8bres orchestres, connus et reconnus comme les d\u00e9positaires d&rsquo;un art authentique, animeront les trois jours de ce festival, devenu un rendez-vous annuel incontournable pour les f\u00e9rus du Malhoun au niveau national. De belles soir\u00e9es sont en perspective de cette belle f\u00eate, avec des Chioukhs, musiciens et Mounchidine, finement s\u00e9lectionn\u00e9s des r\u00e9gions de F\u00e8s, Mekn\u00e8s, Tafilalet, Marrakech et Taroudant.<\/p>\n","protected":false},"excerpt":{"rendered":"<p>La cit\u00e9 isma\u00e9lite s\u2019appr\u00eate \u00e0 c\u00e9l\u00e9brer du 2 au 7 d\u00e9cembre prochain le 20-\u00e8me anniversaire de sa classification par l&rsquo;Organisation des Nations unies pour l&rsquo;\u00e9ducation, la science et la culture (UNESCO), patrimoine universel de l\u2019humanit\u00e9. Cet \u00e9v\u00e9nement intitul\u00e9 \u00ab\u00a0Festival de Mekn\u00e8s\u00a0\u00bb sera une occasion propice pour faire sortir la cit\u00e9 isma\u00e9lite de sa l\u00e9thargie culturelle<\/p>\n","protected":false},"author":1,"featured_media":2358,"comment_status":"open","ping_status":"open","sticky":false,"template":"","format":"standard","meta":{"footnotes":""},"categories":[70],"tags":[],"_links":{"self":[{"href":"https:\/\/visit-meknes.com\/es\/wp-json\/wp\/v2\/posts\/2356"}],"collection":[{"href":"https:\/\/visit-meknes.com\/es\/wp-json\/wp\/v2\/posts"}],"about":[{"href":"https:\/\/visit-meknes.com\/es\/wp-json\/wp\/v2\/types\/post"}],"author":[{"embeddable":true,"href":"https:\/\/visit-meknes.com\/es\/wp-json\/wp\/v2\/users\/1"}],"replies":[{"embeddable":true,"href":"https:\/\/visit-meknes.com\/es\/wp-json\/wp\/v2\/comments?post=2356"}],"version-history":[{"count":1,"href":"https:\/\/visit-meknes.com\/es\/wp-json\/wp\/v2\/posts\/2356\/revisions"}],"predecessor-version":[{"id":2359,"href":"https:\/\/visit-meknes.com\/es\/wp-json\/wp\/v2\/posts\/2356\/revisions\/2359"}],"wp:featuredmedia":[{"embeddable":true,"href":"https:\/\/visit-meknes.com\/es\/wp-json\/wp\/v2\/media\/2358"}],"wp:attachment":[{"href":"https:\/\/visit-meknes.com\/es\/wp-json\/wp\/v2\/media?parent=2356"}],"wp:term":[{"taxonomy":"category","embeddable":true,"href":"https:\/\/visit-meknes.com\/es\/wp-json\/wp\/v2\/categories?post=2356"},{"taxonomy":"post_tag","embeddable":true,"href":"https:\/\/visit-meknes.com\/es\/wp-json\/wp\/v2\/tags?post=2356"}],"curies":[{"name":"wp","href":"https:\/\/api.w.org\/{rel}","templated":true}]}}