{"id":5683,"date":"2019-10-02T21:16:33","date_gmt":"2019-10-02T21:16:33","guid":{"rendered":"http:\/\/visit-meknes.com\/en\/?p=5683"},"modified":"2019-10-02T21:16:41","modified_gmt":"2019-10-02T21:16:41","slug":"cooperation-30-villes-marocaines-signent-la-charte-de-malaga-dont-fes-et-meknes","status":"publish","type":"post","link":"https:\/\/visit-meknes.com\/en\/cooperation-30-villes-marocaines-signent-la-charte-de-malaga-dont-fes-et-meknes\/","title":{"rendered":"Coop\u00e9ration : 30 villes marocaines signent la Charte de Malaga dont F\u00e8s et Mekn\u00e8s"},"content":{"rendered":"\n<p>Les maires d&#8217;une trentaine de villes marocaines et de la ville espagnole de Malaga ont sign\u00e9 la Charte de Malaga pour la promotion de la coop\u00e9ration transfrontali\u00e8re Espagne-Maroc 2021-2027, document rassemblant les propositions desdites villes, afin de lancer de nouveaux programmes de coop\u00e9ration. La Charte de Malaga, \u00e0 laquelle se sont associ\u00e9es les villes de Dakhla, Tan-Tan, Sidi Ifni, Fam El Hisn, Tiznit, Belfaa, Agadir, Drarga, Marrakech, Essaouira, Mekn\u00e8s, F\u00e8s, Sefrou, Oujda, Berkane, Nador, Al Hoceima, Chefchaouen, T\u00e9touan, M&#8217;diq, Sedina, Azla, Sidi Kacem, Tanger, Larache, Assilah, Azilal, Oued Laou, Bzou, Tamrout, Alnif, et de Mijek, est une demande adress\u00e9e aux autorit\u00e9s comp\u00e9tentes impliqu\u00e9es dans la n\u00e9gociation et la conception des programmes europ\u00e9ens pour la nouvelle p\u00e9riode de programmation 2021-2027, qui rappelle la n\u00e9cessit\u00e9 de tenir compte de l&#8217;engagement des municipalit\u00e9s signataires en mati\u00e8re d&#8217;un d\u00e9veloppement urbain durable et int\u00e9gr\u00e9. A cet \u00e9gard, les signataires ont exprim\u00e9 leur volont\u00e9 de promouvoir des actions li\u00e9es au nouvel agenda urbain en tant que strat\u00e9gie d\u00e9terminante pour la r\u00e9alisation des objectifs de d\u00e9veloppement durable (ODD), promouvoir la protection de l&#8217;environnement, la conservation de la nature et la gestion durable des ressources naturelles et de la biodiversit\u00e9.<\/p>\n","protected":false},"excerpt":{"rendered":"<p>Les maires d&#8217;une trentaine de villes marocaines et de la ville espagnole de Malaga ont sign\u00e9 la Charte de Malaga pour la promotion de la coop\u00e9ration transfrontali\u00e8re Espagne-Maroc 2021-2027, document rassemblant les propositions desdites villes, afin de lancer de nouveaux programmes de coop\u00e9ration. La Charte de Malaga, \u00e0 laquelle se sont associ\u00e9es les villes de<\/p>\n","protected":false},"author":2,"featured_media":5684,"comment_status":"open","ping_status":"open","sticky":false,"template":"","format":"standard","meta":{"footnotes":""},"categories":[6],"tags":[],"_links":{"self":[{"href":"https:\/\/visit-meknes.com\/en\/wp-json\/wp\/v2\/posts\/5683"}],"collection":[{"href":"https:\/\/visit-meknes.com\/en\/wp-json\/wp\/v2\/posts"}],"about":[{"href":"https:\/\/visit-meknes.com\/en\/wp-json\/wp\/v2\/types\/post"}],"author":[{"embeddable":true,"href":"https:\/\/visit-meknes.com\/en\/wp-json\/wp\/v2\/users\/2"}],"replies":[{"embeddable":true,"href":"https:\/\/visit-meknes.com\/en\/wp-json\/wp\/v2\/comments?post=5683"}],"version-history":[{"count":1,"href":"https:\/\/visit-meknes.com\/en\/wp-json\/wp\/v2\/posts\/5683\/revisions"}],"predecessor-version":[{"id":5685,"href":"https:\/\/visit-meknes.com\/en\/wp-json\/wp\/v2\/posts\/5683\/revisions\/5685"}],"wp:featuredmedia":[{"embeddable":true,"href":"https:\/\/visit-meknes.com\/en\/wp-json\/wp\/v2\/media\/5684"}],"wp:attachment":[{"href":"https:\/\/visit-meknes.com\/en\/wp-json\/wp\/v2\/media?parent=5683"}],"wp:term":[{"taxonomy":"category","embeddable":true,"href":"https:\/\/visit-meknes.com\/en\/wp-json\/wp\/v2\/categories?post=5683"},{"taxonomy":"post_tag","embeddable":true,"href":"https:\/\/visit-meknes.com\/en\/wp-json\/wp\/v2\/tags?post=5683"}],"curies":[{"name":"wp","href":"https:\/\/api.w.org\/{rel}","templated":true}]}}