{"id":3019,"date":"2019-03-20T23:15:21","date_gmt":"2019-03-20T23:15:21","guid":{"rendered":"https:\/\/visit-meknes.com\/?p=3019"},"modified":"2019-03-20T23:15:21","modified_gmt":"2019-03-20T23:15:21","slug":"meknes-le-cinema-danimation-espagnol-a-lhonneur-au-ficam-2019","status":"publish","type":"post","link":"https:\/\/visit-meknes.com\/en\/meknes-le-cinema-danimation-espagnol-a-lhonneur-au-ficam-2019\/","title":{"rendered":"Mekn\u00e8s: Le cin\u00e9ma d&#8217;animation espagnol \u00e0 l&#8217;honneur au FICAM 2019"},"content":{"rendered":"<p>La ville de Mekn\u00e8s s\u2019appr\u00eate \u00e0 accueillir la 18e \u00e9dition du Festival International de Cin\u00e9ma d\u2019Animation de Mekn\u00e8s (FICAM), du 22 au 27 mars 2019.<\/p>\n<p>Lors de ce festival, organis\u00e9 par la Fondation Aicha en partenariat avec l\u2019Institut fran\u00e7ais de Mekn\u00e8s, un focus sera mis sur le cin\u00e9ma d&#8217;animation espagnol avec la pr\u00e9sence de trois grandes personnalit\u00e9s Alberto Vazquez, Carolina Lopez, et Emilio de la Rosa.<\/p>\n<p>La 18e \u00e9dition du Festival International de Cin\u00e9ma d\u2019Animation \u00e0 Mekn\u00e8s propose une programmation riche avec l&#8217;ambition affich\u00e9e d&#8217;attirer plus de 30 000 passionn\u00e9s.<\/p>\n<p>Cette ann\u00e9e, la programmation du FICAM se d\u00e9clinera en projection in\u00e9dites, expositions, tables rondes, Work in progress, Master-Class, conf\u00e9rence-ateliers de formation au profit d&#8217;\u00e9tudiants marocains.<\/p>\n<p>Trois comp\u00e9titions sont pr\u00e9vues lors de cet \u00e9v\u00e8nement, dont le Grand Prix Aicha de l\u2019Animation, qui en est \u00e0 sa 14\u00e8me \u00e9dition et qui constitue un v\u00e9ritable soutien \u00e0 l\u2019\u00e9mergence de jeunes talents marocains, la comp\u00e9tition Internationale du meilleur long-m\u00e9trage d\u2019animation, et la comp\u00e9tition Internationale des Courts-m\u00e9trages d\u2019animation.<\/p>\n<p>L\u2019\u00e9quipe du FICAM a re\u00e7u plus de 300 courts-m\u00e9trages d\u2019animation en provenance de 16 pays avec diff\u00e9rentes techniques d\u2019animation. Cette participation record traduit, selon les organisateurs, la fid\u00e9lit\u00e9 de prestigieuses institutions de l\u2019animation mondiale: La Poudri\u00e8re, les Gobelins, l\u2019Office National du Film du Canada (ONF), Acad\u00e9mie Libanaise des Beaux-Arts de Beyrouth, Royal College of Art \u00e0 Londres, La Geidai (Tokyo university of Art)\u2026<\/p>\n<p>Le Jury, qui sera pr\u00e9sid\u00e9 par Michael Dudok de Wit, r\u00e9alisateur n\u00e9erlandais, est compos\u00e9 de Samia Akariou, com\u00e9dienne et sc\u00e9nariste marocaine et Marc du Pontavice, Pr\u00e9sident de Xilam Animation.<\/p>\n<p>Pour rappel, la 17e \u00e9dition du Festival International de Cin\u00e9ma d\u2019Animation de Mekn\u00e8s avait mis en avant les femmes cin\u00e9astes.<\/p>\n","protected":false},"excerpt":{"rendered":"<p>La ville de Mekn\u00e8s s\u2019appr\u00eate \u00e0 accueillir la 18e \u00e9dition du Festival International de Cin\u00e9ma d\u2019Animation de Mekn\u00e8s (FICAM), du 22 au 27 mars 2019. Lors de ce festival, organis\u00e9 par la Fondation Aicha en partenariat avec l\u2019Institut fran\u00e7ais de Mekn\u00e8s, un focus sera mis sur le cin\u00e9ma d&#8217;animation espagnol avec la pr\u00e9sence de trois<\/p>\n","protected":false},"author":1,"featured_media":3020,"comment_status":"open","ping_status":"open","sticky":false,"template":"","format":"standard","meta":{"footnotes":""},"categories":[70,6],"tags":[],"_links":{"self":[{"href":"https:\/\/visit-meknes.com\/en\/wp-json\/wp\/v2\/posts\/3019"}],"collection":[{"href":"https:\/\/visit-meknes.com\/en\/wp-json\/wp\/v2\/posts"}],"about":[{"href":"https:\/\/visit-meknes.com\/en\/wp-json\/wp\/v2\/types\/post"}],"author":[{"embeddable":true,"href":"https:\/\/visit-meknes.com\/en\/wp-json\/wp\/v2\/users\/1"}],"replies":[{"embeddable":true,"href":"https:\/\/visit-meknes.com\/en\/wp-json\/wp\/v2\/comments?post=3019"}],"version-history":[{"count":1,"href":"https:\/\/visit-meknes.com\/en\/wp-json\/wp\/v2\/posts\/3019\/revisions"}],"predecessor-version":[{"id":3021,"href":"https:\/\/visit-meknes.com\/en\/wp-json\/wp\/v2\/posts\/3019\/revisions\/3021"}],"wp:featuredmedia":[{"embeddable":true,"href":"https:\/\/visit-meknes.com\/en\/wp-json\/wp\/v2\/media\/3020"}],"wp:attachment":[{"href":"https:\/\/visit-meknes.com\/en\/wp-json\/wp\/v2\/media?parent=3019"}],"wp:term":[{"taxonomy":"category","embeddable":true,"href":"https:\/\/visit-meknes.com\/en\/wp-json\/wp\/v2\/categories?post=3019"},{"taxonomy":"post_tag","embeddable":true,"href":"https:\/\/visit-meknes.com\/en\/wp-json\/wp\/v2\/tags?post=3019"}],"curies":[{"name":"wp","href":"https:\/\/api.w.org\/{rel}","templated":true}]}}