{"id":3016,"date":"2019-03-15T19:56:17","date_gmt":"2019-03-15T19:56:17","guid":{"rendered":"https:\/\/visit-meknes.com\/?p=3016"},"modified":"2019-03-15T19:56:17","modified_gmt":"2019-03-15T19:56:17","slug":"festival-de-fiction-televisuelle-de-meknes-14-telefilms-et-series-en-lice-pour-les-prix","status":"publish","type":"post","link":"https:\/\/visit-meknes.com\/en\/festival-de-fiction-televisuelle-de-meknes-14-telefilms-et-series-en-lice-pour-les-prix\/","title":{"rendered":"Festival de fiction t\u00e9l\u00e9visuelle de Mekn\u00e8s : 14 t\u00e9l\u00e9films et s\u00e9ries en lice pour les Prix!"},"content":{"rendered":"<p>Le Festival de fiction t\u00e9l\u00e9visuelle de Mekn\u00e8s est de retour, pour une 8e \u00e9dition du 15 au 20 mars 2019.<\/p>\n<p>Au total, 14 t\u00e9l\u00e9films et s\u00e9ries concourront pour les prix de cette manifestation, initi\u00e9e par l\u2019association \u2018\u2019Spectacle Libre\u2019\u2019, en partenariat avec le minist\u00e8re de la culture, le conseil de la r\u00e9gion F\u00e8s-Mekn\u00e8s et la commune de Mekn\u00e8s.<\/p>\n<p>Dans la comp\u00e9tition officielle des t\u00e9l\u00e9films, les \u0153uvres retenues sont \u2018\u2019Yak Ajarhi\u2019\u2019 de Brahim Chakiri, \u2018\u2019Sosie\u2019\u2019 de Abderrahim Majd, \u2018\u2019Derri\u00e8re le miroir\u2019\u2019 de Fatima Jbie, \u2018\u2019Les orphelins\u2019\u2019 de Mohamed Bouzakou, \u2018\u2019Ali Ya Ali\u2019\u2019 de Abdelhay Iraki, \u2018\u2019le village perdu\u2019\u2019 de Mustapha Madmoune, \u2018\u2019amour anonyme\u2019\u2019 de Stephanie Duvivier et \u2018\u2019les bacheliers\u2019\u2019 de Hamid Akessass.<\/p>\n<p>Ils seront d\u00e9partag\u00e9s par un jury pr\u00e9sid\u00e9 par le r\u00e9alisateur Hassan Benjelloun et compos\u00e9 de l\u2019actrice Jalila Talemsi et le critique de cin\u00e9ma Hassan Nerayes.<\/p>\n<p>Pour les s\u00e9ries, le menu propos\u00e9 comprend \u2018\u2019l\u2019autre visage\u2019\u2019 de Yassine Fennan, \u2018\u2019Disk hyati\u2019\u2019 de Said Nassiri et Alae Akaaboun, \u2018\u2019L\u2019Usine\u2019\u2019 de Mohamed Amine Mouna, \u2018\u2019Ouchen\u2019\u2019 de Brahim Chakiri, \u2018\u2019Boulmnat\u2019\u2019 de Younes Regab et \u2018\u2019Fouk Shab\u2019\u2019 de Hicham Laassri.<\/p>\n<p>Le choix des meilleures s\u00e9ries a \u00e9t\u00e9 confi\u00e9 \u00e0 un jury pr\u00e9sid\u00e9 par le r\u00e9alisateur \u00e9gyptien Khairi Bchara et compos\u00e9 de la journaliste Fatima Nouali Azar et le sc\u00e9nariste-acteur Zakaria Kassi Lahlou.<\/p>\n<p>Dans la rubrique \u2018\u2019Regard sur la fiction \u00e9trang\u00e8re\u2019\u2019, le public pourra appr\u00e9cier cette ann\u00e9e des productions de France, C\u00f4te-d\u2019Ivoire, Belgique et Allemagne.<\/p>\n<p>Le coup d\u2019envoi de cet \u00e9v\u00e9nement, sera marqu\u00e9 par un hommage \u00e0 l\u2019actrice Rachida El Harrak, ainsi qu\u2019un hommage posthume \u00e0 l\u2019acteur Aziz Maouhoub, d\u00e9c\u00e9d\u00e9 r\u00e9cemment, en reconnaissance \u00e0 leur contribution \u00e0 l\u2019enrichissement de la sc\u00e8ne culturelle et artistique marocaine.<\/p>\n<p>Au programme, \u00e9galement, une conf\u00e9rence sur la th\u00e9matique \u2018\u2019fiction t\u00e9l\u00e9visuelle et culture citoyenne\u2019\u2019.<\/p>\n<p>Pour rappel, le film \u2018\u201912 heures\u2019\u2019 du r\u00e9alisateur Morad El Khaoudi avait remport\u00e9 le Grand prix de la cat\u00e9gorie des t\u00e9l\u00e9films du 7\u00e8me Festival de fiction t\u00e9l\u00e9visuelle de Mekn\u00e8s.<\/p>\n","protected":false},"excerpt":{"rendered":"<p>Le Festival de fiction t\u00e9l\u00e9visuelle de Mekn\u00e8s est de retour, pour une 8e \u00e9dition du 15 au 20 mars 2019. Au total, 14 t\u00e9l\u00e9films et s\u00e9ries concourront pour les prix de cette manifestation, initi\u00e9e par l\u2019association \u2018\u2019Spectacle Libre\u2019\u2019, en partenariat avec le minist\u00e8re de la culture, le conseil de la r\u00e9gion F\u00e8s-Mekn\u00e8s et la commune<\/p>\n","protected":false},"author":1,"featured_media":3017,"comment_status":"open","ping_status":"open","sticky":false,"template":"","format":"standard","meta":{"footnotes":""},"categories":[70,6],"tags":[],"_links":{"self":[{"href":"https:\/\/visit-meknes.com\/en\/wp-json\/wp\/v2\/posts\/3016"}],"collection":[{"href":"https:\/\/visit-meknes.com\/en\/wp-json\/wp\/v2\/posts"}],"about":[{"href":"https:\/\/visit-meknes.com\/en\/wp-json\/wp\/v2\/types\/post"}],"author":[{"embeddable":true,"href":"https:\/\/visit-meknes.com\/en\/wp-json\/wp\/v2\/users\/1"}],"replies":[{"embeddable":true,"href":"https:\/\/visit-meknes.com\/en\/wp-json\/wp\/v2\/comments?post=3016"}],"version-history":[{"count":1,"href":"https:\/\/visit-meknes.com\/en\/wp-json\/wp\/v2\/posts\/3016\/revisions"}],"predecessor-version":[{"id":3018,"href":"https:\/\/visit-meknes.com\/en\/wp-json\/wp\/v2\/posts\/3016\/revisions\/3018"}],"wp:featuredmedia":[{"embeddable":true,"href":"https:\/\/visit-meknes.com\/en\/wp-json\/wp\/v2\/media\/3017"}],"wp:attachment":[{"href":"https:\/\/visit-meknes.com\/en\/wp-json\/wp\/v2\/media?parent=3016"}],"wp:term":[{"taxonomy":"category","embeddable":true,"href":"https:\/\/visit-meknes.com\/en\/wp-json\/wp\/v2\/categories?post=3016"},{"taxonomy":"post_tag","embeddable":true,"href":"https:\/\/visit-meknes.com\/en\/wp-json\/wp\/v2\/tags?post=3016"}],"curies":[{"name":"wp","href":"https:\/\/api.w.org\/{rel}","templated":true}]}}