{"id":3013,"date":"2019-03-15T19:52:20","date_gmt":"2019-03-15T19:52:20","guid":{"rendered":"https:\/\/visit-meknes.com\/?p=3013"},"modified":"2019-03-15T19:52:20","modified_gmt":"2019-03-15T19:52:20","slug":"plus-de-60-000-visiteurs-a-la-premiere-edition-du-salon-de-lartisanat-des-metaux","status":"publish","type":"post","link":"https:\/\/visit-meknes.com\/en\/plus-de-60-000-visiteurs-a-la-premiere-edition-du-salon-de-lartisanat-des-metaux\/","title":{"rendered":"Plus de 60.000 visiteurs \u00e0 la premi\u00e8re \u00e9dition du Salon de l\u2019artisanat des m\u00e9taux"},"content":{"rendered":"<p>La cit\u00e9 spirituelle a abrit\u00e9, dix jours durant, le premier Salon national de l\u2019artisanat des m\u00e9taux auquel ont particip\u00e9 des exposants issus des quatre coins du pays. Outre les expositions, cette \u00e9dition s\u2019est caract\u00e9ris\u00e9e par l\u2019organisation d\u2019ateliers de formation et par la pr\u00e9sentation d\u2019expos\u00e9s par des acteurs, des op\u00e9rateurs \u00e9conomiques et des experts sp\u00e9cialis\u00e9s dans la fili\u00e8re des m\u00e9taux.<\/p>\n<p>La premi\u00e8re \u00e9dition du Salon national de l\u2019artisanat des m\u00e9taux de F\u00e8s, tenue du 1er au 10 mars, avec la participation de plus de 120 exposants issus de toutes les r\u00e9gions du pays, a connu un succ\u00e8s \u00e9clatant qui a d\u00e9pass\u00e9 les esp\u00e9rances des organisateurs. Le pr\u00e9sident de la Chambre d\u2019artisanat de la r\u00e9gion de F\u00e8s-Mekn\u00e8s, Abdelmalek Al Boutiyine s\u2019est d\u00e9clar\u00e9 \u00abfort satisfait de la r\u00e9ussite encourageante de ce premier Salon national de la fili\u00e8re des m\u00e9taux\u00bb, qui avait pour th\u00e8me \u00abLes arts des m\u00e9taux, un pass\u00e9 ancestral et un avenir radieux\u00bb. Il a pr\u00e9cis\u00e9, dans une d\u00e9claration \u00e0 la presse, que ce premier le nombre de visiteurs de ce Salon des m\u00e9taux a d\u00e9pass\u00e9 les 60.000, venus d\u00e9couvrir l\u2019art cr\u00e9atif et ing\u00e9nieux des artisans marocains sp\u00e9cialis\u00e9s dans le travail des m\u00e9taux.<\/p>\n<p>Des artisans-exposants ont aussi exprim\u00e9 leur grande satisfaction pour la parfaite organisation de ce Salon national qui leur a permis de promouvoir et de commercialiser leurs productions, d\u2019\u00e9changer les exp\u00e9riences en mati\u00e8re de conception et de cr\u00e9ation d\u2019articles en m\u00e9taux pratiques, artistiques et d\u00e9coratifs.<\/p>\n<p>Cette exposition nationale consacr\u00e9e aux arts des m\u00e9taux a \u00e9t\u00e9 organis\u00e9e sur un terrain jouxtant la route de Sefrou, d\u2019une superficie de 4.000 m\u00b2, a \u00e9t\u00e9 organis\u00e9e par la Chambre d\u2019artisanat de la r\u00e9gion de F\u00e8s-Mekn\u00e8s, en partenariat avec le minist\u00e8re du Tourisme, du transport a\u00e9rien, de l\u2019artisanat et de l\u2019\u00e9conomie sociale, le Conseil de la r\u00e9gion de F\u00e8s-Mekn\u00e8s, le Conseil pr\u00e9fectoral et la commune de F\u00e8s, et la Direction r\u00e9gionale de l\u2019artisanat.<\/p>\n<p>Cette manifestation artisanale, culturelle et \u00e9conomique a \u00e9bloui les milliers de visiteurs par la beaut\u00e9 des produits pratiques et artistiques cr\u00e9\u00e9s par des mains expertes de ferronniers, de sculpteurs, de ciseleurs, d\u2019orf\u00e8vres, de bijoutiers, de damasquineurs, etc. Les exposants, artisans individuels ou exer\u00e7ant dans des petites et moyennes entreprises, des Associations ou des coop\u00e9ratives professionnelles et des apprentis des centres de formation de l\u2019artisanat, ont profit\u00e9 des ateliers de formation pour perfectionner leur production et des riches expos\u00e9s pr\u00e9sent\u00e9s par des acteurs, des op\u00e9rateurs \u00e9conomiques et des experts sp\u00e9cialis\u00e9s dans la fili\u00e8re des m\u00e9taux. Il convient de rappeler que la Chambre d\u2019artisanat de la r\u00e9gion de F\u00e8s-Mekn\u00e8s a organis\u00e9 15 expositions d\u2019artisanat durant l\u2019ann\u00e9e 2018, tant au niveau r\u00e9gional que national, avec la participation de 744 artisans des deux sexes. Ces expositions avaient pour principaux buts de relever le niveau social et \u00e9conomique des artisans, de promouvoir et de commercialiser la production artisanale et d\u2019encourager les \u00e9changes d\u2019id\u00e9es, de techniques et d\u2019exp\u00e9riences entre les professionnels du secteur de l\u2019artisanat des m\u00e9taux.<\/p>\n","protected":false},"excerpt":{"rendered":"<p>La cit\u00e9 spirituelle a abrit\u00e9, dix jours durant, le premier Salon national de l\u2019artisanat des m\u00e9taux auquel ont particip\u00e9 des exposants issus des quatre coins du pays. Outre les expositions, cette \u00e9dition s\u2019est caract\u00e9ris\u00e9e par l\u2019organisation d\u2019ateliers de formation et par la pr\u00e9sentation d\u2019expos\u00e9s par des acteurs, des op\u00e9rateurs \u00e9conomiques et des experts sp\u00e9cialis\u00e9s dans<\/p>\n","protected":false},"author":1,"featured_media":3014,"comment_status":"open","ping_status":"open","sticky":false,"template":"","format":"standard","meta":{"footnotes":""},"categories":[6],"tags":[],"_links":{"self":[{"href":"https:\/\/visit-meknes.com\/en\/wp-json\/wp\/v2\/posts\/3013"}],"collection":[{"href":"https:\/\/visit-meknes.com\/en\/wp-json\/wp\/v2\/posts"}],"about":[{"href":"https:\/\/visit-meknes.com\/en\/wp-json\/wp\/v2\/types\/post"}],"author":[{"embeddable":true,"href":"https:\/\/visit-meknes.com\/en\/wp-json\/wp\/v2\/users\/1"}],"replies":[{"embeddable":true,"href":"https:\/\/visit-meknes.com\/en\/wp-json\/wp\/v2\/comments?post=3013"}],"version-history":[{"count":1,"href":"https:\/\/visit-meknes.com\/en\/wp-json\/wp\/v2\/posts\/3013\/revisions"}],"predecessor-version":[{"id":3015,"href":"https:\/\/visit-meknes.com\/en\/wp-json\/wp\/v2\/posts\/3013\/revisions\/3015"}],"wp:featuredmedia":[{"embeddable":true,"href":"https:\/\/visit-meknes.com\/en\/wp-json\/wp\/v2\/media\/3014"}],"wp:attachment":[{"href":"https:\/\/visit-meknes.com\/en\/wp-json\/wp\/v2\/media?parent=3013"}],"wp:term":[{"taxonomy":"category","embeddable":true,"href":"https:\/\/visit-meknes.com\/en\/wp-json\/wp\/v2\/categories?post=3013"},{"taxonomy":"post_tag","embeddable":true,"href":"https:\/\/visit-meknes.com\/en\/wp-json\/wp\/v2\/tags?post=3013"}],"curies":[{"name":"wp","href":"https:\/\/api.w.org\/{rel}","templated":true}]}}