{"id":3007,"date":"2019-03-14T19:40:04","date_gmt":"2019-03-14T19:40:04","guid":{"rendered":"https:\/\/visit-meknes.com\/?p=3007"},"modified":"2019-03-14T19:46:22","modified_gmt":"2019-03-14T19:46:22","slug":"la-region-de-fes-redore-son-look-pour-un-tourisme-de-qualite","status":"publish","type":"post","link":"https:\/\/visit-meknes.com\/en\/la-region-de-fes-redore-son-look-pour-un-tourisme-de-qualite\/","title":{"rendered":"La r\u00e9gion de F\u00e8s redore son \u00ab look \u00bb pour un tourisme de qualit\u00e9"},"content":{"rendered":"<p>F\u00e8s \u00e9tait pr\u00e9sente au Salon BIT de Berlin\u00a0 et un \u00ab\u00a0week- end\u00a0\u00bb presse a \u00e9t\u00e9 organis\u00e9 r\u00e9cemment pour pr\u00e9senter le renouveau de la r\u00e9gion et lui donner la place qu\u2019elle m\u00e9rite dans le panorama touristique marocain. Le but \u00e9tant de se positionner sur un tourisme de qualit\u00e9, vu les merveilles patrimoniales et historiques qu\u2019elle poss\u00e8de.<\/p>\n<p>C\u2019est \u00a0Mohamed Sajid, le ministre du tourisme lui-m\u00eame, qui l\u2019a affirm\u00e9, insistant sur le fait que \u00ab\u00a0ce patrimoine doit \u00eatre davantage mis en valeur\u00a0\u00bb. Et tout semble \u00eatre fait pour que cet objectif soit atteint comme l\u2019a confirm\u00e9 Aziz Lebbar, pr\u00e9sident d\u00e9l\u00e9gu\u00e9\u00a0 du CRT, puisque les op\u00e9rateurs touristiques ont mis en route un \u00ab\u00a0Plan Moulay Idriss\u00a0\u00bb (en r\u00e9f\u00e9rence au fondateur de F\u00e8s) dans lequel sera privil\u00e9gi\u00e9 \u00ab\u00a0un forcing sur la communication pour donner une nouvelle impulsion au tourisme dans la r\u00e9gion\u00a0\u00bb.<\/p>\n<p>Cette relance\u00a0 du tourisme \u00e0 F\u00e8s et sa r\u00e9gion concernent toutes les composantes de la soci\u00e9t\u00e9\u00a0: les professionnels, les institutions et\u00a0 autres acteurs int\u00e9ress\u00e9s. Un budget de 24 millions de DH est consacr\u00e9 \u00e0 cette promotion etpour mettre en place une zone touristique ad\u00e9quate, revaloriser certains lieux de la m\u00e9dina en particulier et construire un Palais des Congr\u00e8s digne de cette cit\u00e9 mill\u00e9naire.<\/p>\n<p>Les journalistes invit\u00e9s \u00e0 cette fin de semaine \u00ab\u00a0presse\u00a0\u00bb ont pu visiter la synagogue \u00ab\u00a0Shat Al Fassiyine\u00a0\u00bb du 16\u00e8me si\u00e8cle, les nouveaux thermes de la station Vichy Moulay Yacoub et le Ch\u00e2teau Roslane, pr\u00e8s de Mekn\u00e9s, qui offre \u00e0 ses clients la possibilit\u00e9 d\u2019un s\u00e9jour-d\u00e9tox, \u00e0 base de culinaire bio et terroir, ainsi qu\u2019un traitement corps et soins pour la d\u00e9tente et le bien-\u00eatre.<\/p>\n<p><img decoding=\"async\" class=\"aligncenter\" src=\"http:\/\/premiumtravelnews.com\/wp-content\/uploads\/2019\/03\/fez-medina.jpg\" \/><\/p>\n<p>Ils ont pu admirer \u00e9galement les m\u00e9dersas r\u00e9habilit\u00e9es, la biblioth\u00e8que de l\u2019universit\u00e9 Qaraouyine, les fondouks, la place LallaYeddouna et la tannerie Chouara\u2026 Et \u00ab\u00a0cerise sur le g\u00e2teau\u00a0\u00bb\u00a0: comme Venise, l\u2019Oued El Jawahir, au milieu de la m\u00e9dina, de la place LallaYeddouna vers Bab Sidi El Awad, qui a co\u00fbt\u00e9 10 millions de DH et a \u00e9t\u00e9 r\u00e9alis\u00e9 gr\u00e2ce \u00e0 la d\u00e9viation des eaux us\u00e9es.<\/p>\n<p><img decoding=\"async\" class=\"aligncenter\" src=\"http:\/\/premiumtravelnews.com\/wp-content\/uploads\/2019\/03\/fes1.jpg\" \/><\/p>\n<p>Mais le projet le plus important, semble-t-il, est sans doute celui de la r\u00e9habilitation de la m\u00e9dina de F\u00e8s, dont Sa Majest\u00e9 le roi Mohammed VI, avait dit combien elle lui tenait \u00e0 c\u0153ur lors d\u2019une de ses r\u00e9centes visites. Selon Fourad Serahini, DG de l\u2019Agence du d\u00e9veloppement et de la r\u00e9habilitation de cette m\u00e9dina (Ader-F\u00e8s), il s\u2019agit de \u00ab\u00a0valoriser 113 monuments, des fontaines, des \u00e9difices de valeurs, et am\u00e9liorer l\u2019accessibilit\u00e9 pour pr\u00e8s d\u2019un milliard de DH\u00a0\u00bb.<\/p>\n<p>Quant au wali de la r\u00e9gion, Sa\u00efd Zniber, il ajoute que \u00ab\u00a0seuls les projets structurants sont retenus\u2026pour garantir un d\u00e9veloppement socio\u00e9conomique p\u00e9renne\u00a0\u00bb.<\/p>\n<p>Oui, d\u00e9finitivement, F\u00e8s-Mekn\u00e8s est une r\u00e9gion incontournable du Maroc. Et les visiteurs le savent puisqu\u2019en termes d\u2019arriv\u00e9es,\u00a0 39% de plus ont \u00e9t\u00e9 enregistr\u00e9es au cours des trois derni\u00e8res ann\u00e9es. Mais, r\u00e9p\u00e9tons-le, le but maintenant est d\u2019en faire une destination pour une client\u00e8le d\u2019un standing sup\u00e9rieur.<\/p>\n<p>Rien d\u2019impossible quand on connait la richesse culturelle et historique de cette r\u00e9gion et toutes les facettes de son attractivit\u00e9.<\/p>\n","protected":false},"excerpt":{"rendered":"<p>F\u00e8s \u00e9tait pr\u00e9sente au Salon BIT de Berlin\u00a0 et un \u00ab\u00a0week- end\u00a0\u00bb presse a \u00e9t\u00e9 organis\u00e9 r\u00e9cemment pour pr\u00e9senter le renouveau de la r\u00e9gion et lui donner la place qu\u2019elle m\u00e9rite dans le panorama touristique marocain. Le but \u00e9tant de se positionner sur un tourisme de qualit\u00e9, vu les merveilles patrimoniales et historiques qu\u2019elle poss\u00e8de.<\/p>\n","protected":false},"author":1,"featured_media":3008,"comment_status":"open","ping_status":"open","sticky":false,"template":"","format":"standard","meta":{"footnotes":""},"categories":[6],"tags":[],"_links":{"self":[{"href":"https:\/\/visit-meknes.com\/en\/wp-json\/wp\/v2\/posts\/3007"}],"collection":[{"href":"https:\/\/visit-meknes.com\/en\/wp-json\/wp\/v2\/posts"}],"about":[{"href":"https:\/\/visit-meknes.com\/en\/wp-json\/wp\/v2\/types\/post"}],"author":[{"embeddable":true,"href":"https:\/\/visit-meknes.com\/en\/wp-json\/wp\/v2\/users\/1"}],"replies":[{"embeddable":true,"href":"https:\/\/visit-meknes.com\/en\/wp-json\/wp\/v2\/comments?post=3007"}],"version-history":[{"count":4,"href":"https:\/\/visit-meknes.com\/en\/wp-json\/wp\/v2\/posts\/3007\/revisions"}],"predecessor-version":[{"id":3012,"href":"https:\/\/visit-meknes.com\/en\/wp-json\/wp\/v2\/posts\/3007\/revisions\/3012"}],"wp:featuredmedia":[{"embeddable":true,"href":"https:\/\/visit-meknes.com\/en\/wp-json\/wp\/v2\/media\/3008"}],"wp:attachment":[{"href":"https:\/\/visit-meknes.com\/en\/wp-json\/wp\/v2\/media?parent=3007"}],"wp:term":[{"taxonomy":"category","embeddable":true,"href":"https:\/\/visit-meknes.com\/en\/wp-json\/wp\/v2\/categories?post=3007"},{"taxonomy":"post_tag","embeddable":true,"href":"https:\/\/visit-meknes.com\/en\/wp-json\/wp\/v2\/tags?post=3007"}],"curies":[{"name":"wp","href":"https:\/\/api.w.org\/{rel}","templated":true}]}}