{"id":3000,"date":"2019-03-06T20:26:29","date_gmt":"2019-03-06T20:26:29","guid":{"rendered":"https:\/\/visit-meknes.com\/?p=3000"},"modified":"2019-03-06T20:28:04","modified_gmt":"2019-03-06T20:28:04","slug":"communique-de-presse-onmt-une-presence-en-force-du-maroc-au-salon-itb-2019","status":"publish","type":"post","link":"https:\/\/visit-meknes.com\/en\/communique-de-presse-onmt-une-presence-en-force-du-maroc-au-salon-itb-2019\/","title":{"rendered":"Communiqu\u00e9 de presse ONMT \/\/ Une pr\u00e9sence en force du Maroc au Salon ITB 2019"},"content":{"rendered":"<p style=\"text-align: left;\"><img loading=\"lazy\" decoding=\"async\" class=\"CToWUd a6T alignleft\" tabindex=\"0\" src=\"https:\/\/mail.google.com\/mail\/u\/0?ui=2&amp;ik=7f153438fb&amp;attid=0.1.1&amp;permmsgid=msg-f:1627280179471746440&amp;th=169542b397728588&amp;view=fimg&amp;sz=s0-l75-ft&amp;attbid=ANGjdJ8MFR_eRlx0XcPHKPzv82UFSCJzv7cotxNzTrO3Ogjrb4gXL4UyBYt6RYQsUT4ieCLBN8hnERC9mXmfi4hcHF7vgD7XbbOaQ6ANTwpbla4hrZ_GTUBe0E0-vR0&amp;disp=emb\" alt=\"Logo ONMT.jpg\" width=\"153\" height=\"153\" data-image-whitelisted=\"\" \/><strong>Une pr\u00e9sence en force du Maroc au Salon ITB 201<\/strong><\/p>\n<p>Du 6 au 10 mars, le Maroc, fort de son stand de plus de 340 m2 et de ses 27 exposants repr\u00e9sentant toutes les r\u00e9gions, assurera une visibilit\u00e9 optimale des atouts du Royaume et de ses destinations phares \u00e0 la Bourse Internationale du Tourisme de Berlin (ITB), salon leader du secteur.<\/p>\n<p><strong>Un rendez-vous mondial incontournable de l&#8217;innovation touristique<\/strong><\/p>\n<p>Avec plus de 180.000 visiteurs en 2018, parmi lesquels 108.000 professionnels et plus de 10.000 exposants venus de 180 pays, ITB Berlin est \u00e0 juste titre consid\u00e9r\u00e9 comme le salon interprofessionnel leader de l\u2019industrie touristique mondiale. Tous les secteurs g\u00e9n\u00e9rateurs de valeurs ajout\u00e9es y sont pr\u00e9sents : tour-op\u00e9rateurs, compagnies a\u00e9riennes, agents de voyages, agences MICE, sites de r\u00e9servations, h\u00f4tels,\u2026 auxquels il faut ajouter les repr\u00e9sentants de r\u00e9gions et sites touristiques ainsi que d\u2019une multitude de m\u00e9dias qui convergent pendant ce salon pour se rencontrer, d\u00e9couvrir de nouveaux partenaires, prendre le pouls de secteur et sentir les nouvelles tendances.<\/p>\n<p>En mati\u00e8re d\u2019\u00e9volution, figure le Congr\u00e8s Market Trends &amp; Innovations (litt\u00e9ralement Evolutions du march\u00e9 &amp; Innovations). Cet \u00e9v\u00e9nement organis\u00e9 \u00e0 l\u2019occasion de l\u2019ITB se positionne parmi les plus importants congr\u00e8s touristiques du monde. Il offre aux professionnels l\u2019opportunit\u00e9 unique de b\u00e9n\u00e9ficier d\u2019un laboratoire d\u2019id\u00e9es essentiel sur l\u2019industrie du tourisme dans sa globalit\u00e9.<\/p>\n<p><strong>L\u2019Allemagne\u00a0: un march\u00e9 en pleine croissance pour la Destination Maroc<\/strong><\/p>\n<p>Troisi\u00e8me march\u00e9 \u00e9metteur apr\u00e8s la France et l\u2019Espagne, l\u2019Allemagne repr\u00e9sente une cible d\u2019importance pour le Maroc. 761.873 touristes allemands ont visit\u00e9 le Royaume \u00e0 fin d\u00e9cembre 2018, enregistrant ainsi 10% d&#8217;\u00e9volution par rapport \u00e0 2017. Cet engouement est soutenu par 45 connexions a\u00e9riennes entre le Maroc et l&#8217;Allemagne, la ville d\u2019Agadir \u00e9tant la premi\u00e8re porte d\u2019entr\u00e9e des voyageurs allemands, suivie par Marrakech et Nador donnant notamment acc\u00e8s \u00e0 la station baln\u00e9aire de Sa\u00efdia.<\/p>\n<p><strong>Le stand Maroc : une plateforme d\u2019\u00e9change et de visibilit\u00e9 de la destination Maroc<\/strong><\/p>\n<p>Cette ann\u00e9e, le Stand Maroc a \u00e9volu\u00e9 en termes de surface face \u00e0 l\u2019int\u00e9r\u00eat croissant des professionnels marocains conscients de l\u2019importance de ce salon. Avec plus de 100m\u00b2 suppl\u00e9mentaires, l\u2019ONMT a con\u00e7u des espaces adapt\u00e9s pour offrir une visibilit\u00e9 optimale de la Marque Maroc et de ses diverses r\u00e9gions touristiques. Accueillant et ouvert, le stand est \u00e9galement adapt\u00e9 aux s\u00e9ances de travail des exposants nationaux (cha\u00eenes h\u00f4teli\u00e8res, compagnies a\u00e9riennes, agents de voyages, agences MICE, Conseils R\u00e9gionaux du Tourisme\u2026) pourront ainsi \u00e9changer ais\u00e9ment et organiser des s\u00e9ances de travail avec les acheteurs potentiels du monde entier \u00a0notamment tour-op\u00e9rateurs et agents de voyages.<\/p>\n<p><img loading=\"lazy\" decoding=\"async\" class=\"alignnone size-full wp-image-5956\" src=\"http:\/\/visitefes.com\/wp-content\/uploads\/2019\/03\/Une-importante-d\u00e9l\u00e9gation-des-professionnels-de-la-ville-de-F\u00e8s-\u00e0-l\u2019ITB-pour-promouvoir-la-destination-F\u00e8s3.jpg\" alt=\"\" width=\"960\" height=\"720\" \/><img loading=\"lazy\" decoding=\"async\" class=\"alignnone size-full wp-image-5955\" src=\"http:\/\/visitefes.com\/wp-content\/uploads\/2019\/03\/Une-importante-d\u00e9l\u00e9gation-des-professionnels-de-la-ville-de-F\u00e8s-\u00e0-l\u2019ITB-pour-promouvoir-la-destination-F\u00e8s2.jpg\" alt=\"\" width=\"960\" height=\"720\" \/><img loading=\"lazy\" decoding=\"async\" class=\"alignnone size-full wp-image-5960\" src=\"http:\/\/visitefes.com\/wp-content\/uploads\/2019\/03\/Une-importante-d\u00e9l\u00e9gation-des-professionnels-de-la-ville-de-F\u00e8s-\u00e0-l\u2019ITB-pour-promouvoir-la-destination-F\u00e8s5.jpg\" alt=\"\" width=\"1280\" height=\"960\" \/> <img loading=\"lazy\" decoding=\"async\" class=\"alignnone size-full wp-image-5961\" src=\"http:\/\/visitefes.com\/wp-content\/uploads\/2019\/03\/Une-importante-d\u00e9l\u00e9gation-des-professionnels-de-la-ville-de-F\u00e8s-\u00e0-l\u2019ITB-pour-promouvoir-la-destination-F\u00e8s6.jpg\" alt=\"\" width=\"1280\" height=\"960\" \/> <img loading=\"lazy\" decoding=\"async\" class=\"alignnone size-full wp-image-5962\" src=\"http:\/\/visitefes.com\/wp-content\/uploads\/2019\/03\/Une-importante-d\u00e9l\u00e9gation-des-professionnels-de-la-ville-de-F\u00e8s-\u00e0-l\u2019ITB-pour-promouvoir-la-destination-F\u00e8s7.jpg\" alt=\"\" width=\"1280\" height=\"960\" \/><\/p>\n","protected":false},"excerpt":{"rendered":"<p>Une pr\u00e9sence en force du Maroc au Salon ITB 201 Du 6 au 10 mars, le Maroc, fort de son stand de plus de 340 m2 et de ses 27 exposants repr\u00e9sentant toutes les r\u00e9gions, assurera une visibilit\u00e9 optimale des atouts du Royaume et de ses destinations phares \u00e0 la Bourse Internationale du Tourisme de<\/p>\n","protected":false},"author":1,"featured_media":3001,"comment_status":"open","ping_status":"open","sticky":false,"template":"","format":"standard","meta":{"footnotes":""},"categories":[6],"tags":[],"_links":{"self":[{"href":"https:\/\/visit-meknes.com\/en\/wp-json\/wp\/v2\/posts\/3000"}],"collection":[{"href":"https:\/\/visit-meknes.com\/en\/wp-json\/wp\/v2\/posts"}],"about":[{"href":"https:\/\/visit-meknes.com\/en\/wp-json\/wp\/v2\/types\/post"}],"author":[{"embeddable":true,"href":"https:\/\/visit-meknes.com\/en\/wp-json\/wp\/v2\/users\/1"}],"replies":[{"embeddable":true,"href":"https:\/\/visit-meknes.com\/en\/wp-json\/wp\/v2\/comments?post=3000"}],"version-history":[{"count":2,"href":"https:\/\/visit-meknes.com\/en\/wp-json\/wp\/v2\/posts\/3000\/revisions"}],"predecessor-version":[{"id":3003,"href":"https:\/\/visit-meknes.com\/en\/wp-json\/wp\/v2\/posts\/3000\/revisions\/3003"}],"wp:featuredmedia":[{"embeddable":true,"href":"https:\/\/visit-meknes.com\/en\/wp-json\/wp\/v2\/media\/3001"}],"wp:attachment":[{"href":"https:\/\/visit-meknes.com\/en\/wp-json\/wp\/v2\/media?parent=3000"}],"wp:term":[{"taxonomy":"category","embeddable":true,"href":"https:\/\/visit-meknes.com\/en\/wp-json\/wp\/v2\/categories?post=3000"},{"taxonomy":"post_tag","embeddable":true,"href":"https:\/\/visit-meknes.com\/en\/wp-json\/wp\/v2\/tags?post=3000"}],"curies":[{"name":"wp","href":"https:\/\/api.w.org\/{rel}","templated":true}]}}