{"id":2996,"date":"2019-03-05T18:03:02","date_gmt":"2019-03-05T18:03:02","guid":{"rendered":"https:\/\/visit-meknes.com\/?p=2996"},"modified":"2019-03-05T18:03:02","modified_gmt":"2019-03-05T18:03:02","slug":"le-ficam-2019-invite-de-jeunes-talents-pour-la-4eme-residence-francophone-decriture","status":"publish","type":"post","link":"https:\/\/visit-meknes.com\/en\/le-ficam-2019-invite-de-jeunes-talents-pour-la-4eme-residence-francophone-decriture\/","title":{"rendered":"Le FICAM 2019 invite de jeunes talents pour la 4\u00e8me R\u00e9sidence francophone d\u2019\u00e9criture"},"content":{"rendered":"<p>La 18e \u00e9dition du Festival international de cin\u00e9ma d\u2019animation de Mekn\u00e8s (FICAM) se tiendra du 22 au 27 mars prochain. A cette occasion, la Fondation A\u00efcha et l\u2019Institut fran\u00e7ais de Mekn\u00e8s mettront en lumi\u00e8re la 4e R\u00e9sidence francophone d\u2019\u00e9criture pour le film d\u2019animation.<\/p>\n<p>Depuis sa cr\u00e9ation en 2016, la R\u00e9sidence francophone d\u2019\u00e9criture pour le film d\u2019animation invite des jeunes auteurs issus de pays francophones pour un s\u00e9jour consacr\u00e9 \u00e0 l\u2019\u00e9criture de leur projet de film d\u2019animation.<\/p>\n<p>Une initiative qui tend \u00e0 soutenir l\u2019\u00e9mergence de la fili\u00e8re d\u2019animation en Afrique, de coop\u00e9ration Nord-Sud dans l\u2019espace francophone et de mobilit\u00e9 des jeunes cr\u00e9ateurs.<\/p>\n<p>De ce fait, six jeunes et talentueux auteurs francophones, s\u00e9lectionn\u00e9s sur dossier feront le d\u00e9placement dans la ville de Mekn\u00e8s. Ces derniers b\u00e9n\u00e9ficieront d\u2019une prise en charge totale, d\u2019une bourse d\u2019\u00e9criture et d\u2019un accompagnement professionnel assur\u00e9 par Delphine Maury, sc\u00e9nariste et productrice de films d\u2019animation.<\/p>\n<p>\u00c0 travers le FICAM, la Fondation A\u00efcha aspire \u00e0 inscrire Mekn\u00e8s et le Maroc comme une plateforme arabe et africaine du cin\u00e9ma d\u2019animation, \u00e0 travers trois comp\u00e9titions.<\/p>\n<p>Il s\u2019agit du Grand Prix Aicha de l\u2019Animation (dot\u00e9 de 50.000 DH), qui en est \u00e0 sa 14e \u00e9dition et qui est un soutien \u00e0 l\u2019\u00e9mergence de jeunes talents marocains et la comp\u00e9tition internationale du meilleur long-m\u00e9trage d\u2019animation, dont le Grand Prix, dot\u00e9 de 2.000 Euros, est d\u00e9cern\u00e9 par un Jury Junior, ainsi que le \u00ab Courts Comp\u00e9t \u00bb, comp\u00e9tition internationale des Courts-m\u00e9trages d\u2019animation, dont le Grand Prix est dot\u00e9 de 3.000 Euros.<\/p>\n<p>Dans le cadre de la Comp\u00e9tition internationale de courts-m\u00e9trages d\u2019animation, le FICAM mettra en avant un ensemble de courts-m\u00e9trages soulignant la diversit\u00e9 de la production mondiale.<\/p>\n<p>Le jury sera compos\u00e9 de Michael Dudok De Wit, r\u00e9alisateur (Pays-Bas), pr\u00e9sident du jury, Samia Akariou, com\u00e9dienne (Maroc) et Marc du Pontavice, producteur (France).<\/p>\n<p><strong>Voici les 6 jeunes auteurs s\u00e9lectionn\u00e9s pour la R\u00e9sidence<\/strong><\/p>\n<p>-Darius Dada (Cameroun) pour son projet de s\u00e9rie anim\u00e9e : Android Night.<\/p>\n<p>-Ahmed Ben Nessib (Tunisie) pour son projet de court-m\u00e9trage : Abs\u00e2l.<\/p>\n<p>-Abderrahman El Kandili (Maroc) pour son projet de court-m\u00e9trage : Lmeknasi.<\/p>\n<p>-Olivier Ndecky (S\u00e9n\u00e9gal) pour son projet de jeu vid\u00e9o : Vivre en territoire d\u2019Afrique.<\/p>\n<p>-Eve DeRoeck (Belgique) pour ses deux projets de courts-m\u00e9trages : La soupe aux g\u00e9ants et Les Petits Chats d\u2019Essaouira, documentaire anim\u00e9.<\/p>\n<p>-Elise Augarten (France) pour son projet de courts-m\u00e9trages : Herbe Verte.<\/p>\n<p><strong>fr.hespress.com<\/strong><\/p>\n","protected":false},"excerpt":{"rendered":"<p>La 18e \u00e9dition du Festival international de cin\u00e9ma d\u2019animation de Mekn\u00e8s (FICAM) se tiendra du 22 au 27 mars prochain. A cette occasion, la Fondation A\u00efcha et l\u2019Institut fran\u00e7ais de Mekn\u00e8s mettront en lumi\u00e8re la 4e R\u00e9sidence francophone d\u2019\u00e9criture pour le film d\u2019animation. Depuis sa cr\u00e9ation en 2016, la R\u00e9sidence francophone d\u2019\u00e9criture pour le film<\/p>\n","protected":false},"author":1,"featured_media":2997,"comment_status":"open","ping_status":"open","sticky":false,"template":"","format":"standard","meta":{"footnotes":""},"categories":[70,6],"tags":[],"_links":{"self":[{"href":"https:\/\/visit-meknes.com\/en\/wp-json\/wp\/v2\/posts\/2996"}],"collection":[{"href":"https:\/\/visit-meknes.com\/en\/wp-json\/wp\/v2\/posts"}],"about":[{"href":"https:\/\/visit-meknes.com\/en\/wp-json\/wp\/v2\/types\/post"}],"author":[{"embeddable":true,"href":"https:\/\/visit-meknes.com\/en\/wp-json\/wp\/v2\/users\/1"}],"replies":[{"embeddable":true,"href":"https:\/\/visit-meknes.com\/en\/wp-json\/wp\/v2\/comments?post=2996"}],"version-history":[{"count":1,"href":"https:\/\/visit-meknes.com\/en\/wp-json\/wp\/v2\/posts\/2996\/revisions"}],"predecessor-version":[{"id":2998,"href":"https:\/\/visit-meknes.com\/en\/wp-json\/wp\/v2\/posts\/2996\/revisions\/2998"}],"wp:featuredmedia":[{"embeddable":true,"href":"https:\/\/visit-meknes.com\/en\/wp-json\/wp\/v2\/media\/2997"}],"wp:attachment":[{"href":"https:\/\/visit-meknes.com\/en\/wp-json\/wp\/v2\/media?parent=2996"}],"wp:term":[{"taxonomy":"category","embeddable":true,"href":"https:\/\/visit-meknes.com\/en\/wp-json\/wp\/v2\/categories?post=2996"},{"taxonomy":"post_tag","embeddable":true,"href":"https:\/\/visit-meknes.com\/en\/wp-json\/wp\/v2\/tags?post=2996"}],"curies":[{"name":"wp","href":"https:\/\/api.w.org\/{rel}","templated":true}]}}