{"id":2992,"date":"2019-02-14T21:50:12","date_gmt":"2019-02-14T21:50:12","guid":{"rendered":"https:\/\/visit-meknes.com\/?p=2992"},"modified":"2019-02-14T21:50:12","modified_gmt":"2019-02-14T21:50:12","slug":"trois-pontes-du-cinema-danimation-a-meknes-pour-ledition-2019-du-ficam","status":"publish","type":"post","link":"https:\/\/visit-meknes.com\/en\/trois-pontes-du-cinema-danimation-a-meknes-pour-ledition-2019-du-ficam\/","title":{"rendered":"Trois pontes du cin\u00e9ma d&#8217;animation \u00e0 Mekn\u00e8s pour l&#8217;\u00e9dition 2019 du FICAM"},"content":{"rendered":"<p>Les premiers noms viennent de tomber. Pour sa 18e \u00e9dition, trois pontes du cin\u00e9ma d\u2019animation seront pr\u00e9sents au Festival international de cin\u00e9ma d\u2019animation de Mekn\u00e8s (FICAM). Didier Brunner (France), Peter de S\u00e8ve (\u00c9tats-Unis) et Michael Dudok de Wit (Pays-Bas) se rendront dans la ville imp\u00e9riale pour l\u2019\u00e9v\u00e9nement qui se d\u00e9roulera du vendredi 22 au mercredi 27 mars.<\/p>\n<p>Didier Brunner est l\u2019un des producteurs de films d\u2019animation les plus connus en France. Aujourd\u2019hui \u00e2g\u00e9 de 70 ans, il a produit plusieurs longs m\u00e9trages bien connus des fans d\u2019animation, comme \u201cKirikou et la Sorci\u00e8re\u201d (1998), \u201cLes Triplettes de Belleville\u201d (2003), \u201cBrendan et le secret de Kells\u201d (2009) et \u201cErnest et C\u00e9lestine\u201d (2012), ce dernier ayant re\u00e7u le C\u00e9sar du meilleur film d\u2019animation. Il a \u00e9galement produit une quinzaine de s\u00e9ries t\u00e9l\u00e9vis\u00e9es et t\u00e9l\u00e9films. En 2015, Didier Brunner a re\u00e7u le Winsor McCay Award pour l\u2019ensemble de sa carri\u00e8re.<\/p>\n<p>Peter de S\u00e8ve, pour sa part, est connu pour avoir con\u00e7u Scrat, le c\u00e9l\u00e8bre personnage du film d\u2019animation \u201cL\u2019\u00c2ge de glace\u201d. Il est \u00e9galement reconnu pour avoir illustr\u00e9 de nombreuses couvertures du magazine am\u00e9ricain The New Yorker. Figurant depuis 2016 dans le \u201cHall of Fame\u201d de la Soci\u00e9t\u00e9 des Illustrateurs, la plus haute distinction de cette organisation, l\u2019artiste am\u00e9ricain de 61 ans a \u00e9galement dessin\u00e9 plusieurs personnages pr\u00e9sents dans les dessins anim\u00e9s \u201cMulan\u201d, \u201cTarzan\u201d ou encore \u201cLe monde de Nemo\u201d.<\/p>\n<p>Enfin, Michael Dudok de Wit, 65 ans, est devenu c\u00e9l\u00e8bre dans le monde de l\u2019animation en 1994 avec \u201cLe Moine et le Poisson\u201d, qui a remport\u00e9 le C\u00e9sar du meilleur court-m\u00e9trage en 1996. Le r\u00e9alisateur n\u00e9erlandais est \u00e9galement l\u2019auteur du court-m\u00e9trage d\u2019animation \u201cP\u00e8re et Fille\u201d, qui a remport\u00e9 un Oscar en 2001. Son premier long-m\u00e9trage \u201cLa Tortue Rouge\u201d a re\u00e7u en 2016 le prix sp\u00e9cial \u201cUn Certain Regard\u201d au Festival de Cannes.<\/p>\n<p>Comme chaque ann\u00e9e, ces sommit\u00e9s du cin\u00e9ma d\u2019animation rencontreront le public du festival meknassi \u00e0 travers les \u201cTh\u00e9s \u00e0 la menthe avec\u201d, les Le\u00e7ons de Cin\u00e9ma ou encore les projections, rappelle le FICAM. \u00c9tudiants, professionnels et amateurs pourront d\u00e9couvrir les parcours et la passion de ces trois grands noms du cin\u00e9ma d\u2019animation.<\/p>\n<p><strong>huffpostmaghreb.com<\/strong><\/p>\n","protected":false},"excerpt":{"rendered":"<p>Les premiers noms viennent de tomber. Pour sa 18e \u00e9dition, trois pontes du cin\u00e9ma d\u2019animation seront pr\u00e9sents au Festival international de cin\u00e9ma d\u2019animation de Mekn\u00e8s (FICAM). Didier Brunner (France), Peter de S\u00e8ve (\u00c9tats-Unis) et Michael Dudok de Wit (Pays-Bas) se rendront dans la ville imp\u00e9riale pour l\u2019\u00e9v\u00e9nement qui se d\u00e9roulera du vendredi 22 au mercredi<\/p>\n","protected":false},"author":1,"featured_media":2993,"comment_status":"open","ping_status":"open","sticky":false,"template":"","format":"standard","meta":{"footnotes":""},"categories":[6],"tags":[],"_links":{"self":[{"href":"https:\/\/visit-meknes.com\/en\/wp-json\/wp\/v2\/posts\/2992"}],"collection":[{"href":"https:\/\/visit-meknes.com\/en\/wp-json\/wp\/v2\/posts"}],"about":[{"href":"https:\/\/visit-meknes.com\/en\/wp-json\/wp\/v2\/types\/post"}],"author":[{"embeddable":true,"href":"https:\/\/visit-meknes.com\/en\/wp-json\/wp\/v2\/users\/1"}],"replies":[{"embeddable":true,"href":"https:\/\/visit-meknes.com\/en\/wp-json\/wp\/v2\/comments?post=2992"}],"version-history":[{"count":1,"href":"https:\/\/visit-meknes.com\/en\/wp-json\/wp\/v2\/posts\/2992\/revisions"}],"predecessor-version":[{"id":2994,"href":"https:\/\/visit-meknes.com\/en\/wp-json\/wp\/v2\/posts\/2992\/revisions\/2994"}],"wp:featuredmedia":[{"embeddable":true,"href":"https:\/\/visit-meknes.com\/en\/wp-json\/wp\/v2\/media\/2993"}],"wp:attachment":[{"href":"https:\/\/visit-meknes.com\/en\/wp-json\/wp\/v2\/media?parent=2992"}],"wp:term":[{"taxonomy":"category","embeddable":true,"href":"https:\/\/visit-meknes.com\/en\/wp-json\/wp\/v2\/categories?post=2992"},{"taxonomy":"post_tag","embeddable":true,"href":"https:\/\/visit-meknes.com\/en\/wp-json\/wp\/v2\/tags?post=2992"}],"curies":[{"name":"wp","href":"https:\/\/api.w.org\/{rel}","templated":true}]}}