{"id":2887,"date":"2018-10-05T22:08:07","date_gmt":"2018-10-05T22:08:07","guid":{"rendered":"https:\/\/visit-meknes.com\/?p=2887"},"modified":"2018-10-05T22:21:56","modified_gmt":"2018-10-05T22:21:56","slug":"festival-de-fes-de-la-culture-soufie-penser-et-cheminer-vers-une-vie-meilleure","status":"publish","type":"post","link":"https:\/\/visit-meknes.com\/en\/festival-de-fes-de-la-culture-soufie-penser-et-cheminer-vers-une-vie-meilleure\/","title":{"rendered":"Festival de F\u00e8s de la culture soufie: \u00abPenser et cheminer vers une vie meilleure\u00bb"},"content":{"rendered":"<p>Derni\u00e8re ligne droite pour les pr\u00e9paratifs du festival de F\u00e8s de la culture soufie. L\u2019\u00e9v\u00e9nement, qui en est \u00e0 sa 11e \u00e9dition, doit se d\u00e9rouler, sous le haut patronage de SM le Roi, du 20 au 27 octobre. Initi\u00e9e sous la th\u00e9matique: \u00abLa pr\u00e9sence du soufisme\u00bb, cette \u00e9dition est organis\u00e9e en partenariat avec le groupe Eco-M\u00e9dias.<\/p>\n<p>Organis\u00e9 par l\u2019Association du festival de F\u00e8s de la culture soufie, il vise \u00e0 faire d\u00e9couvrir ou red\u00e9couvrir aux Marocains une culture qui est la leur et leur offrir l\u2019acc\u00e8s \u00e0 cette richesse artistique, intellectuelle et spirituelle. Sa nouvelle \u00e9dition se fixe comme objectif de rappeler le patrimoine culturel vivant du soufisme.<\/p>\n<p>\u00abIl est d\u2019une diversit\u00e9 et d\u2019une richesse dont on peut difficilement rendre compte aujourd\u2019hui. Ce patrimoine est po\u00e9tique, litt\u00e9raire, artistique. Il s\u2019exprime dans des centaines de langues et a profond\u00e9ment marqu\u00e9 depuis des si\u00e8cles diff\u00e9rentes soci\u00e9t\u00e9s, leurs arts et modes de vie\u00bb, indique Faouzi Skali, pr\u00e9sident du festival.<\/p>\n<p>\u00abIl est pourtant rare d\u2019appr\u00e9hender le soufisme, qui est avant tout une voie et une pratique spirituelle, dans sa dimension culturelle en tant que patrimoine universel de notre humanit\u00e9\u00bb, poursuit-il.<\/p>\n<p>Ce festival, qui donne \u00e0 voir la richesse du patrimoine culturel soufi aussi bien au Maroc que dans le monde, tend \u00e0 conforter le positionnement du Maroc dans le dialogue interculturel, questionner la place, la pr\u00e9sence, de grands auteurs du soufisme tels qu\u2019Ibn Arabi, Rumi, Jami ou Al Jili dans notre monde d\u2019aujourd\u2019hui.<\/p>\n<p>En effet, ce festival suscite depuis sa fondation un int\u00e9r\u00eat particulier par le fait qu\u2019il appelle, sous forme de soir\u00e9es de sam\u00e2a, de chants et invocations spirituelles des confr\u00e9ries soufies et de nombreuses conf\u00e9rences et tables rondes, \u00e0 la d\u00e9couverte de l\u2019extraordinaire expression du patrimoine, la litt\u00e9rature, l\u2019art et la po\u00e9sie soufie.<\/p>\n<p>Cette 11e \u00e9dition montrera l\u2019importance de la matrice culturelle du soufisme \u00e0 travers le monde. Pour ceux qui ne le connaissent pas, le soufisme est \u00able patrimoine le plus riche parce qu\u2019il est le plus diversifi\u00e9 et le plus profond \u00e0 travers les si\u00e8cles d&#8217;histoire, les cultures et les langues\u00bb. Il constitue de fait la trame vivante, et sans cesse renouvel\u00e9e, de la civilisation de l\u2019Islam. Cette m\u00eame trame culturelle et spirituelle du soufisme fut sans doute au coeur de cette symbiose particuli\u00e8re entre les trois traditions abrahamiques, qui fut celle de l&#8217;Andalousie pendant pr\u00e8s de huit si\u00e8cles et dont le Maghreb re\u00e7ut grandement l&#8217;h\u00e9ritage.<\/p>\n<p>Et le festival de F\u00e8s mettra en lumi\u00e8re cet h\u00e9ritage \u00e0 travers des soir\u00e9es de chants et des panels de r\u00e9flexion. Ainsi, la manifestation s\u2019ouvrira, le 20 octobre, par une cr\u00e9ation artistique intitul\u00e9e \u00abOdes aux femmes mystiques\u00bb. Ce spectacle inaugural conna\u00eetra la participation notamment de Leili Anvar, Corale Latifa, Bahaa Ronda, Fran\u00e7oise Atlan, les femmes de Chefchaoun. Le lendemanin, les organisateurs du festival donneront le coup d\u2019envoi du \u00abDavos spirituel\u00bb.<\/p>\n<p>Ce 11e forum sera l\u2019occasion de discuter d\u2019auteurs et penseurs contemporains -tel Mohammed Iqbal- imbib\u00e9s de l\u2019enseignement de ces grands ma\u00eetres et de leurs apports actuels pour penser ou repenser le spirituel. Une semaine durant, des intervenants d\u2019horizons divers d\u00e9battront de la pr\u00e9sence, l\u2019influence, des femmes depuis Rabia jusqu\u2019\u00e0 nos jours au sein de cette culture de l\u2019Islam nourrie de cette spiritualit\u00e9. Celle de la po\u00e9sie \u2013 d\u2019une incroyable profondeur et richesse \u2013 qui s\u2019exprime aussi bien dans des traditions classiques que populaires, issue de cette inspiration soufie, po\u00e9sie ensuite chant\u00e9e dans les cercles du sama\u00e2.<\/p>\n<p>Selon Skali, \u00abla prise de conscience de la r\u00e9alit\u00e9 de cette matrice culturelle, du lien transversal qu\u2019elle \u00e9tablit de fait entre plusieurs aspects, \u00e0 travers le temps et l\u2019espace, de ces enseignements, confr\u00e9ries et patrimoines du soufisme, est pour notre \u00e9poque un enjeu essentiel\u2026 Cette matrice est un paradigme de civilisation\u00bb.<\/p>\n<p>Celui par lequel peuvent s\u2019\u00e9laborer des valeurs qui, sans se vouloir h\u00e9g\u00e9moniques, sont n\u00e9anmoins universelles. Celui par lequel on appr\u00e9hende comme un enrichissement r\u00e9el, dans notre monde d\u2019aujourd\u2019hui, la diversit\u00e9 des cultures et des religions.<\/p>\n<p>Un paradigme par lequel on peut mieux saisir les racines spirituelles des crises de notre temps. \u00abCelui enfin qui peut ouvrir la possibilit\u00e9 au c\u0153ur m\u00eame de notre quotidien, dans un monde et parmi une jeunesse de plus en plus d\u00e9boussol\u00e9s, de penser et de cheminer vers une vie meilleure. Une vie porteuse de sens\u00bb, conclut Skali.<\/p>\n<blockquote><p><strong>Programme<\/strong><\/p>\n<p>Le programme de ce 11e festival comprend 12 tables rondes. De quoi cr\u00e9er une pens\u00e9e collective autour du \u00abSoufisme au f\u00e9minin\u00bb, \u00abEl Andalous: un creuset de rencontres mystiques, l\u2019influence d\u2019Ibn Abbad\u00bb, \u00abLa Tijaniya et l\u2019Islam africain\u00bb, \u00abLes hauts lieux du soufisme\u00bb, \u00abPenser le spirituel\u00bb, \u00abSoufisme et art contemporain\u00bb, \u00abSoufisme et coaching: le soufisme au c\u0153ur de l\u2019action\u00bb, \u00abIbn Abbad Ar-Roundi et le mod\u00e8le de la spiritualit\u00e9 maroco-andalouse\u00bb, entre autres. Ces th\u00e9matiques seront d\u00e9battues par des intervenants du Maroc et d\u2019ailleurs. C\u00f4t\u00e9 chants, le festival accueillera Fran\u00e7oise Atlan, Marouane Hajji, l\u2019ensemble Al Firdaus de Grenade, Ali Keleer, Derviches et chants spirituels du Ch\u00e2m, les Tariqas Boutchichiya, Sqalliya, Sharqawiya, Rissouniya, Wazzaniya, et Naqshbandiya.<\/p><\/blockquote>\n","protected":false},"excerpt":{"rendered":"<p>Derni\u00e8re ligne droite pour les pr\u00e9paratifs du festival de F\u00e8s de la culture soufie. L\u2019\u00e9v\u00e9nement, qui en est \u00e0 sa 11e \u00e9dition, doit se d\u00e9rouler, sous le haut patronage de SM le Roi, du 20 au 27 octobre. Initi\u00e9e sous la th\u00e9matique: \u00abLa pr\u00e9sence du soufisme\u00bb, cette \u00e9dition est organis\u00e9e en partenariat avec le groupe<\/p>\n","protected":false},"author":1,"featured_media":2888,"comment_status":"open","ping_status":"open","sticky":false,"template":"","format":"standard","meta":{"footnotes":""},"categories":[6],"tags":[],"_links":{"self":[{"href":"https:\/\/visit-meknes.com\/en\/wp-json\/wp\/v2\/posts\/2887"}],"collection":[{"href":"https:\/\/visit-meknes.com\/en\/wp-json\/wp\/v2\/posts"}],"about":[{"href":"https:\/\/visit-meknes.com\/en\/wp-json\/wp\/v2\/types\/post"}],"author":[{"embeddable":true,"href":"https:\/\/visit-meknes.com\/en\/wp-json\/wp\/v2\/users\/1"}],"replies":[{"embeddable":true,"href":"https:\/\/visit-meknes.com\/en\/wp-json\/wp\/v2\/comments?post=2887"}],"version-history":[{"count":1,"href":"https:\/\/visit-meknes.com\/en\/wp-json\/wp\/v2\/posts\/2887\/revisions"}],"predecessor-version":[{"id":2889,"href":"https:\/\/visit-meknes.com\/en\/wp-json\/wp\/v2\/posts\/2887\/revisions\/2889"}],"wp:featuredmedia":[{"embeddable":true,"href":"https:\/\/visit-meknes.com\/en\/wp-json\/wp\/v2\/media\/2888"}],"wp:attachment":[{"href":"https:\/\/visit-meknes.com\/en\/wp-json\/wp\/v2\/media?parent=2887"}],"wp:term":[{"taxonomy":"category","embeddable":true,"href":"https:\/\/visit-meknes.com\/en\/wp-json\/wp\/v2\/categories?post=2887"},{"taxonomy":"post_tag","embeddable":true,"href":"https:\/\/visit-meknes.com\/en\/wp-json\/wp\/v2\/tags?post=2887"}],"curies":[{"name":"wp","href":"https:\/\/api.w.org\/{rel}","templated":true}]}}