{"id":2855,"date":"2018-08-03T21:21:05","date_gmt":"2018-08-03T21:21:05","guid":{"rendered":"https:\/\/visit-meknes.com\/?p=2855"},"modified":"2018-08-03T21:21:05","modified_gmt":"2018-08-03T21:21:05","slug":"le-festival-international-de-volubilis-prepare-sa-19e-edition","status":"publish","type":"post","link":"https:\/\/visit-meknes.com\/en\/le-festival-international-de-volubilis-prepare-sa-19e-edition\/","title":{"rendered":"LE FESTIVAL INTERNATIONAL DE VOLUBILIS PR\u00c9PARE SA 19E \u00c9DITION"},"content":{"rendered":"<p><strong>La 19e \u00e9dition du festival international de Volubilis des musiques traditionnelles du monde se tiendra du 4 au 7 ao\u00fbt \u00e0 Mekn\u00e8s, \u00e0 l\u2019initiative du minist\u00e8re de la culture et de la communication.<\/strong><\/p>\n<p>Cette manifestation se veut un espace de c\u00e9l\u00e9bration des diff\u00e9rentes expressions du patrimoine culturel et artistique, de revalorisation des musiques traditionnelles authentiques et de mise en valeur des sites et monuments historiques de la cit\u00e9 isma\u00e9lienne.<\/p>\n<p>Au programme une vingtaine de troupes proposeront une large palette de couleurs et de genres musicaux traditionnels tant marocains qu\u2019internationaux.<\/p>\n<p>Le public pourra d\u00e9couvrir et appr\u00e9cier des rythmes, des sons et des chants d\u2019Afrique, d\u2019Europe et d\u2019Am\u00e9rique latine. Les groupes invit\u00e9s s\u2019appellent \u2018\u2019Hermanos Tuna\u2019\u2019 (Chili), \u2018\u2019Africa B\u00e9gu\u00e9\u2019\u2019 (S\u00e9n\u00e9gal), \u2018\u2019Dito\u2019\u2019 (Br\u00e9sil), \u2018\u2019Just friends le quartet (France), \u2018\u2019Moreno fiesta\u2019\u2019 (Espagne), \u2018\u2019African Kings\u2019\u2019 (C\u00f4te-d\u2019Ivoire) ou encore \u2018\u2019Piel Canela\u2019\u2019 (France).<\/p>\n<p>La programmation marocaine, quant \u00e0 elle, a \u00e9t\u00e9 pens\u00e9e de mani\u00e8re \u00e0 mettre en lumi\u00e8re les musiques traditionnelles de diff\u00e9rentes r\u00e9gions du royaume. La place Lahdim et le centre culturel Mohamed Al Manouni accueilleront les troupes Ouled Shim, Abidat Rma, Itimaten d\u2019Agadir, Ahl Touat, Takadda, Hmadcha, Mari Ouari, Aissawa et les artistes Samira Al Qadiri, Oussama Fadil et Leila Lamrini.<\/p>\n<p>En parall\u00e8le, une exposition collective d\u2019arts plastiques sera organis\u00e9e autour de la th\u00e9matique \u2018\u2019voyage spirituel, de Mekn\u00e8s \u00e0 Volubilis\u2019\u2019. Elle donnera \u00e0 voir les cr\u00e9ations de 15 artistes marocains et tunisiens appartenant \u00e0 des g\u00e9n\u00e9rations et des sensibilit\u00e9s artistiques diff\u00e9rentes.<\/p>\n<p>Pour information, le festival international de Volubilis des musiques traditionnelles du monde, initi\u00e9 en partenariat avec la commune de Mekn\u00e8s et le conseil r\u00e9gional F\u00e8s-Mekn\u00e8s, s\u2019inscrit dans le cadre des manifestations d\u2019art et de patrimoine mises en place par le minist\u00e8re de la culture en vue de pr\u00e9server le patrimoine culturel et artistique et promouvoir ses diff\u00e9rentes expressions.<\/p>\n","protected":false},"excerpt":{"rendered":"<p>La 19e \u00e9dition du festival international de Volubilis des musiques traditionnelles du monde se tiendra du 4 au 7 ao\u00fbt \u00e0 Mekn\u00e8s, \u00e0 l\u2019initiative du minist\u00e8re de la culture et de la communication. Cette manifestation se veut un espace de c\u00e9l\u00e9bration des diff\u00e9rentes expressions du patrimoine culturel et artistique, de revalorisation des musiques traditionnelles authentiques<\/p>\n","protected":false},"author":1,"featured_media":2856,"comment_status":"open","ping_status":"open","sticky":false,"template":"","format":"standard","meta":{"footnotes":""},"categories":[70,6],"tags":[],"_links":{"self":[{"href":"https:\/\/visit-meknes.com\/en\/wp-json\/wp\/v2\/posts\/2855"}],"collection":[{"href":"https:\/\/visit-meknes.com\/en\/wp-json\/wp\/v2\/posts"}],"about":[{"href":"https:\/\/visit-meknes.com\/en\/wp-json\/wp\/v2\/types\/post"}],"author":[{"embeddable":true,"href":"https:\/\/visit-meknes.com\/en\/wp-json\/wp\/v2\/users\/1"}],"replies":[{"embeddable":true,"href":"https:\/\/visit-meknes.com\/en\/wp-json\/wp\/v2\/comments?post=2855"}],"version-history":[{"count":1,"href":"https:\/\/visit-meknes.com\/en\/wp-json\/wp\/v2\/posts\/2855\/revisions"}],"predecessor-version":[{"id":2857,"href":"https:\/\/visit-meknes.com\/en\/wp-json\/wp\/v2\/posts\/2855\/revisions\/2857"}],"wp:featuredmedia":[{"embeddable":true,"href":"https:\/\/visit-meknes.com\/en\/wp-json\/wp\/v2\/media\/2856"}],"wp:attachment":[{"href":"https:\/\/visit-meknes.com\/en\/wp-json\/wp\/v2\/media?parent=2855"}],"wp:term":[{"taxonomy":"category","embeddable":true,"href":"https:\/\/visit-meknes.com\/en\/wp-json\/wp\/v2\/categories?post=2855"},{"taxonomy":"post_tag","embeddable":true,"href":"https:\/\/visit-meknes.com\/en\/wp-json\/wp\/v2\/tags?post=2855"}],"curies":[{"name":"wp","href":"https:\/\/api.w.org\/{rel}","templated":true}]}}