{"id":2849,"date":"2018-08-01T21:00:45","date_gmt":"2018-08-01T21:00:45","guid":{"rendered":"https:\/\/visit-meknes.com\/?p=2849"},"modified":"2018-08-01T21:00:45","modified_gmt":"2018-08-01T21:00:45","slug":"le-festival-volubilis-relie-le-passe-au-present","status":"publish","type":"post","link":"https:\/\/visit-meknes.com\/en\/le-festival-volubilis-relie-le-passe-au-present\/","title":{"rendered":"Le festival Volubilis relie le pass\u00e9 au pr\u00e9sent"},"content":{"rendered":"<p>Le 9\u00e8me Festival international de Volubilis des musiques traditionnelles du monde se tiendra du 4 au 7 ao\u00fbt \u00e0 Mekn\u00e8s sous le Haut patronage de SM le Roi Mohammed VI.<\/p>\n<p>Cette manifestation rentre dans le cadre des festivals d\u2019art et de patrimoine initi\u00e9s par le minist\u00e8re de la culture et de la communication. Ces festivals font, selon les initiateurs, partie d\u2019une strat\u00e9gie \u00ab<em>visant la sauvegarde du patrimoine culturel et artistique ainsi que la protection des munitions du patrimoine immat\u00e9riel dans ses diff\u00e9rents aspects de cr\u00e9ativit\u00e9 et d\u2019expression<\/em>\u00bb.<\/p>\n","protected":false},"excerpt":{"rendered":"<p>Le 9\u00e8me Festival international de Volubilis des musiques traditionnelles du monde se tiendra du 4 au 7 ao\u00fbt \u00e0 Mekn\u00e8s sous le Haut patronage de SM le Roi Mohammed VI. Cette manifestation rentre dans le cadre des festivals d\u2019art et de patrimoine initi\u00e9s par le minist\u00e8re de la culture et de la communication. Ces festivals<\/p>\n","protected":false},"author":1,"featured_media":2850,"comment_status":"open","ping_status":"open","sticky":false,"template":"","format":"standard","meta":{"footnotes":""},"categories":[70,6],"tags":[],"_links":{"self":[{"href":"https:\/\/visit-meknes.com\/en\/wp-json\/wp\/v2\/posts\/2849"}],"collection":[{"href":"https:\/\/visit-meknes.com\/en\/wp-json\/wp\/v2\/posts"}],"about":[{"href":"https:\/\/visit-meknes.com\/en\/wp-json\/wp\/v2\/types\/post"}],"author":[{"embeddable":true,"href":"https:\/\/visit-meknes.com\/en\/wp-json\/wp\/v2\/users\/1"}],"replies":[{"embeddable":true,"href":"https:\/\/visit-meknes.com\/en\/wp-json\/wp\/v2\/comments?post=2849"}],"version-history":[{"count":1,"href":"https:\/\/visit-meknes.com\/en\/wp-json\/wp\/v2\/posts\/2849\/revisions"}],"predecessor-version":[{"id":2851,"href":"https:\/\/visit-meknes.com\/en\/wp-json\/wp\/v2\/posts\/2849\/revisions\/2851"}],"wp:featuredmedia":[{"embeddable":true,"href":"https:\/\/visit-meknes.com\/en\/wp-json\/wp\/v2\/media\/2850"}],"wp:attachment":[{"href":"https:\/\/visit-meknes.com\/en\/wp-json\/wp\/v2\/media?parent=2849"}],"wp:term":[{"taxonomy":"category","embeddable":true,"href":"https:\/\/visit-meknes.com\/en\/wp-json\/wp\/v2\/categories?post=2849"},{"taxonomy":"post_tag","embeddable":true,"href":"https:\/\/visit-meknes.com\/en\/wp-json\/wp\/v2\/tags?post=2849"}],"curies":[{"name":"wp","href":"https:\/\/api.w.org\/{rel}","templated":true}]}}