{"id":2841,"date":"2018-07-18T21:38:42","date_gmt":"2018-07-18T21:38:42","guid":{"rendered":"https:\/\/visit-meknes.com\/?p=2841"},"modified":"2018-07-18T21:38:42","modified_gmt":"2018-07-18T21:38:42","slug":"fes-meknes-lembellie-touristique-continue","status":"publish","type":"post","link":"https:\/\/visit-meknes.com\/en\/fes-meknes-lembellie-touristique-continue\/","title":{"rendered":"F\u00e8s-Mekn\u00e8s: L\u2019embellie touristique continue"},"content":{"rendered":"<ul>\n<li><strong>Les march\u00e9s de l\u2019Am\u00e9rique latine et chinois explosent<\/strong><\/li>\n<li><strong>Une hausse de 25% pour les h\u00f4tels de F\u00e8s, et 7% pour Mekn\u00e8s<\/strong><\/li>\n<li><strong>L\u2019animation artistique et culturelle vivement sollicit\u00e9e<\/strong><\/li>\n<\/ul>\n<p>En juin dernier, la capitale spirituelle vivait \u00e0 l\u2019heure du 24e festival des Musiques sacr\u00e9es du monde, un festival dont le rayonnement a d\u00e9pass\u00e9 les fronti\u00e8res du Maroc. Durant neuf jours, un bouquet de chants et de musiques spirituelles a \u00e9t\u00e9 propos\u00e9, des films, et des conf\u00e9rences sur \u00ables savoirs ancestraux\u00bb de la m\u00e9dina s\u2019ajoutent au programme culturel de la Fondation Esprit de F\u00e8s, organisatrice du festival.<\/p>\n<p>En dehors des spectacles officiels \u00e0 Bab Makina, Jnan Sbill, Dar Adyel, Dar Tazi et Bab Boujloud, c\u2019est toute la ville imp\u00e9riale qui devient spectacle: artisanat, gastronomie et h\u00f4tels ajoutent leur animation \u00e0 celle d\u00e9j\u00e0 l\u00e9gendaire de F\u00e8s.<\/p>\n<p>Ce n\u2019est pas fortuit si ce festival est appuy\u00e9 par les autorit\u00e9s locales et \u00e9lues ainsi que les professionnels du tourisme. Ces derniers savent que l\u2019\u00e9v\u00e9nement draine, chaque ann\u00e9e, des milliers de touristes marocains et \u00e9trangers. Quatre \u00e0 cinq jours au moins sont n\u00e9cessaires afin de d\u00e9couvrir les richesses de F\u00e8s, la nouvelle station Vichy Moulay Yacoub, les vestiges de Volubilis, les paysages verdoyants Ifrane et l\u2019histoire de la capitale isma\u00eflienne\u2026pendant la journ\u00e9e, et profiter des spectacles le soir. Ce qui constitue une manne importante pour le secteur h\u00f4telier, surtout que le mois de juin est consid\u00e9r\u00e9 comme une p\u00e9riode de basse saison \u00e0 F\u00e8s et Mekn\u00e8s.<\/p>\n<p>En outre, la r\u00e9gion a enregistr\u00e9 de bonnes performances depuis le d\u00e9but de l\u2019ann\u00e9e. \u00c0 fin avril, les deux villes imp\u00e9riales ont enregistr\u00e9 une hausse de 25% (pour F\u00e8s) et 7% (pour Mekn\u00e8s) dans les \u00e9tablissements d\u2019h\u00e9bergement touristique class\u00e9s. Pour Aziz Lebbar, pr\u00e9sident du Conseil r\u00e9gional du tourisme (CRT de F\u00e8s), \u00abl\u2019embellie du secteur est due \u00e0 l\u2019impulsion royale donn\u00e9e au projet de restauration des monuments historiques de la m\u00e9dina\u00bb. \u00abUn projet qui a revivifi\u00e9 les sites historiques et cr\u00e9\u00e9 une dynamique palpable dans le tissu ancien\u00bb, estime Lebbar. Cet engouement est d\u00fb particuli\u00e8rement aux march\u00e9s de l\u2019Am\u00e9rique latine et chinois. Pour ce dernier, l\u2019initiative royale relative \u00e0 la lev\u00e9e des visas est salvatrice. Notons que six nouveaux restaurants asiatiques ont ouvert dont deux sont tenus par des Chinois.<\/p>\n<p>L\u2019un d\u2019entre eux fait office d\u2019accueil \u00e0 Bab Boujloud. La ville re\u00e7oit des touristes dans le cadre de circuits des villes imp\u00e9riales. Ils arrivent en groupes vers les h\u00f4tels et maisons d\u2019h\u00f4tes et visitent la m\u00e9dina de F\u00e8s. En chiffres, les nuit\u00e9es enregistr\u00e9es dans les \u00e9tablissements d\u2019h\u00e9bergement touristique class\u00e9s, entre janvier et avril, ont augment\u00e9 de 25% par rapport \u00e0 la m\u00eame p\u00e9riode de 2017. Ainsi, 386.453 nuit\u00e9es ont \u00e9t\u00e9 enregistr\u00e9es jusqu\u2019\u00e0 mai 2018, contre 309.116 durant la m\u00eame p\u00e9riode de l\u2019ann\u00e9e pr\u00e9c\u00e9dente, selon des donn\u00e9es de l\u2019Observatoire national du tourisme (ONT). Le taux d\u2019occupation a \u00e9t\u00e9 de 41%, contre 35% en janvier-avril 2017. Pour le seul mois d\u2019avril, 126.290 nuit\u00e9es ont \u00e9t\u00e9 enregistr\u00e9es, contre 113.212 en avril 2017, soit une progression de 12%. Quant au taux d\u2019occupation, il a \u00e9t\u00e9 de 54%, contre 50% en avril 2017.<\/p>\n<p>De son c\u00f4t\u00e9, la dur\u00e9e moyenne du s\u00e9jour (DMS) \u00e9tait de 1,8 jour, soit un taux identique \u00e0 celui r\u00e9alis\u00e9 la m\u00eame p\u00e9riode de l\u2019ann\u00e9e 2017. Toutefois, pour doper les nuit\u00e9es touristiques, il faut cr\u00e9er une animation culturelle et artistique \u00e0 l\u2019image de la capitale acad\u00e9mique. A ce titre, l\u2019association F\u00e8s-Sa\u00efss, la Fondation Esprit de F\u00e8s, ainsi que d\u2019autres ONG seraient d\u2019un grand apport. En attendant, les touristes continuent leurs voyages dans les labyrinthes du tissu ancien. Outre les maisons d\u2019h\u00f4tes et riads, les visiteurs choisissent les \u00e9tablissements touristiques class\u00e9s 3, 4 et 5 \u00e9toiles. Selon les statistiques de l\u2019ONT, ces h\u00f4tels ont cumul\u00e9, durant cette p\u00e9riode de l\u2019ann\u00e9e, la quasi-totalit\u00e9 des nuit\u00e9es enregistr\u00e9es au niveau de la ville de F\u00e8s. Pour Mekn\u00e8s, les h\u00f4tels n\u2019ont pas ch\u00f4m\u00e9 durant le 13e SIAM. Rappelons que l\u2019\u00e9v\u00e9nement f\u00e9d\u00e9rateur de la capitale isma\u00eflienne a drain\u00e9 cette ann\u00e9e un million de visiteurs. Du c\u00f4t\u00e9 des h\u00f4teliers, quelque 91.645 nuit\u00e9es ont \u00e9t\u00e9 enregistr\u00e9es durant les quatre premiers mois de 2018, contre 86.029 au cours de la m\u00eame p\u00e9riode de l\u2019ann\u00e9e 2017.<\/p>\n<p>Le taux d\u2019occupation durant cette p\u00e9riode de 2018 \u00e9tait de 30%, contre 29% en 2017. Quant \u00e0 la dur\u00e9e moyenne de s\u00e9jour, elle est de 1,4 jour en 2018 contre 1,5 en 2017. Pour le mois d\u2019avril, les nuit\u00e9es ont \u00e9t\u00e9 de l\u2019ordre de 30.134 nuit\u00e9es, contre 29.370 en avril 2017, soit une hausse de 3%.<br \/>\nGlobalement, le secteur du tourisme au niveau de la r\u00e9gion a besoin d\u2019une \u00e9quipe f\u00e9d\u00e9ratrice d\u00e9fendant l\u2019int\u00e9r\u00eat g\u00e9n\u00e9ral de la profession. \u00abIl faut renforcer les outils de promotion de notre destination et enclencher une r\u00e9elle restructuration du CRT de concert avec les professionnels de Mekn\u00e8s, Ifrane, Sefrou, Taza, etc.\u00bb, conclut Aziz Lebbar.<\/p>\n<blockquote><p><strong>Budget promotionnel<\/strong><\/p>\n<p>Dot\u00e9 un budget de 6 millions de DH, le plan promotionnel du CRT de F\u00e8s est financ\u00e9 par l\u2019ONMT. Concr\u00e8tement, ce plan accorde une grande importance \u00e0 la promotion digitale. \u00abNous mettons le cap sur Facebook, Twitter, Tripadvisor\u2026 et autres sites de voyages. Ce volet consommera pr\u00e8s de la moiti\u00e9 de notre budget (2,75 millions de DH)\u00bb, souligne le pr\u00e9sident du Conseil. Pour toucher directement les march\u00e9s \u00e9mergents, il sera proc\u00e9d\u00e9 \u00e0 la traduction du site web du CRT en allemand, espagnol, flamant, hollandais et chinois. Cette op\u00e9ration n\u00e9cessitera une enveloppe de 770.000 DH. La confection et l\u2019impression d\u2019un guide \u00e9lectronique sur le thermalisme et le bien-\u00eatre dans la r\u00e9gion, ainsi que d\u2019autres supports pour les circuits touristiques et monuments historiques de la m\u00e9dina co\u00fbteront 1,15 million de DH. L\u2019\u00e9laboration d\u2019un d\u00e9pliant pour la Tarika Tijania en fran\u00e7ais et anglais, un guide pour Boulemane, et un film documentaire sur les potentialit\u00e9s touristiques de la r\u00e9gion, font partie des priorit\u00e9s.<\/p><\/blockquote>\n<p><img loading=\"lazy\" decoding=\"async\" class=\"\" src=\"https:\/\/leconomiste.com\/sites\/all\/themes\/eco7_vf\/images\/logo_leconomiste_18.png\" alt=\"Leconomiste.com - Le premier quotidien \u00c3\u00a9conomique du Maroc\" width=\"227\" height=\"35\" \/><\/p>\n","protected":false},"excerpt":{"rendered":"<p>Les march\u00e9s de l\u2019Am\u00e9rique latine et chinois explosent Une hausse de 25% pour les h\u00f4tels de F\u00e8s, et 7% pour Mekn\u00e8s L\u2019animation artistique et culturelle vivement sollicit\u00e9e En juin dernier, la capitale spirituelle vivait \u00e0 l\u2019heure du 24e festival des Musiques sacr\u00e9es du monde, un festival dont le rayonnement a d\u00e9pass\u00e9 les fronti\u00e8res du Maroc.<\/p>\n","protected":false},"author":1,"featured_media":2842,"comment_status":"open","ping_status":"open","sticky":false,"template":"","format":"standard","meta":{"footnotes":""},"categories":[6],"tags":[],"_links":{"self":[{"href":"https:\/\/visit-meknes.com\/en\/wp-json\/wp\/v2\/posts\/2841"}],"collection":[{"href":"https:\/\/visit-meknes.com\/en\/wp-json\/wp\/v2\/posts"}],"about":[{"href":"https:\/\/visit-meknes.com\/en\/wp-json\/wp\/v2\/types\/post"}],"author":[{"embeddable":true,"href":"https:\/\/visit-meknes.com\/en\/wp-json\/wp\/v2\/users\/1"}],"replies":[{"embeddable":true,"href":"https:\/\/visit-meknes.com\/en\/wp-json\/wp\/v2\/comments?post=2841"}],"version-history":[{"count":1,"href":"https:\/\/visit-meknes.com\/en\/wp-json\/wp\/v2\/posts\/2841\/revisions"}],"predecessor-version":[{"id":2843,"href":"https:\/\/visit-meknes.com\/en\/wp-json\/wp\/v2\/posts\/2841\/revisions\/2843"}],"wp:featuredmedia":[{"embeddable":true,"href":"https:\/\/visit-meknes.com\/en\/wp-json\/wp\/v2\/media\/2842"}],"wp:attachment":[{"href":"https:\/\/visit-meknes.com\/en\/wp-json\/wp\/v2\/media?parent=2841"}],"wp:term":[{"taxonomy":"category","embeddable":true,"href":"https:\/\/visit-meknes.com\/en\/wp-json\/wp\/v2\/categories?post=2841"},{"taxonomy":"post_tag","embeddable":true,"href":"https:\/\/visit-meknes.com\/en\/wp-json\/wp\/v2\/tags?post=2841"}],"curies":[{"name":"wp","href":"https:\/\/api.w.org\/{rel}","templated":true}]}}