{"id":2830,"date":"2018-06-27T23:44:41","date_gmt":"2018-06-27T23:44:41","guid":{"rendered":"https:\/\/visit-meknes.com\/?p=2830"},"modified":"2018-06-27T23:44:41","modified_gmt":"2018-06-27T23:44:41","slug":"le-festival-des-cerises-de-sefrou-souffle-sa-98eme-bougie","status":"publish","type":"post","link":"https:\/\/visit-meknes.com\/en\/le-festival-des-cerises-de-sefrou-souffle-sa-98eme-bougie\/","title":{"rendered":"Le Festival des cerises de Sefrou souffle sa 98\u00e8me bougie !"},"content":{"rendered":"<p>La ville de Sefrou abritera du 28 juin au 1er juillet prochain la 98\u00e8me \u00e9dition du festival des cerises. Initi\u00e9e par la fondation &#8220;Karaze&#8221; en partenariat avec la commune urbaine de Sefrou, cette manifestation annuelle, devenue un rendez-vous incontournable pour les visiteurs de la r\u00e9gion, vise \u00e0 renforcer l\u2019animation culturelle de la ville et \u00e0 pr\u00e9server le patrimoine immat\u00e9riel local. Ce rendez-vous , est class\u00e9 patrimoine immat\u00e9riel de l\u2019humanit\u00e9 depuis 2012 par l\u2019UNESCO.<\/p>\n<p>Au programme du festival des cerises, des spectacles folklorique et fantasia, des expositions d&#8217;arts plastiques ainsi que des espaces d\u00e9di\u00e9s aux associations et coop\u00e9ratives locales afin de promouvoir leurs activit\u00e9s, commercialiser leurs produits de terroir et d\u00e9velopper la dynamique \u00e9conomique r\u00e9gionale. Le moment phare du festival des cerises est la c\u00e9r\u00e9monie du couronnement de Miss Cerisette.<\/p>\n<p>Le festival des cerises de Sefrou est le cinqui\u00e8me patrimoine culturel marocain inscrit sur la liste repr\u00e9sentative de l&#8217;Unesco, apr\u00e8s l&#8217;espace culturel de la place Jemaa el-Fna de Marrakech, le Moussem de Tan-Tan, la di\u00e8te m\u00e9diterran\u00e9enne, et &#8220;la fauconnerie, un patrimoine humain vivant&#8221;.<\/p>\n<p>Soulignons que la pr\u00e9c\u00e9dente \u00e9dition a vu illustrer davantage les racines africaines du Royaume en invitant nos confr\u00e8res du reste de l\u2019Afrique. En effet, des groupes folkloriques venant du S\u00e9n\u00e9gal, du Gabon, de la Guin\u00e9e\u2026 ont pris part \u00e0 la \u00abCaravane d\u2019Afrique\u00bb aux c\u00f4t\u00e9s des artistes nationaux.<\/p>\n","protected":false},"excerpt":{"rendered":"<p>La ville de Sefrou abritera du 28 juin au 1er juillet prochain la 98\u00e8me \u00e9dition du festival des cerises. Initi\u00e9e par la fondation &#8220;Karaze&#8221; en partenariat avec la commune urbaine de Sefrou, cette manifestation annuelle, devenue un rendez-vous incontournable pour les visiteurs de la r\u00e9gion, vise \u00e0 renforcer l\u2019animation culturelle de la ville et \u00e0<\/p>\n","protected":false},"author":1,"featured_media":2831,"comment_status":"open","ping_status":"open","sticky":false,"template":"","format":"standard","meta":{"footnotes":""},"categories":[70,6],"tags":[],"_links":{"self":[{"href":"https:\/\/visit-meknes.com\/en\/wp-json\/wp\/v2\/posts\/2830"}],"collection":[{"href":"https:\/\/visit-meknes.com\/en\/wp-json\/wp\/v2\/posts"}],"about":[{"href":"https:\/\/visit-meknes.com\/en\/wp-json\/wp\/v2\/types\/post"}],"author":[{"embeddable":true,"href":"https:\/\/visit-meknes.com\/en\/wp-json\/wp\/v2\/users\/1"}],"replies":[{"embeddable":true,"href":"https:\/\/visit-meknes.com\/en\/wp-json\/wp\/v2\/comments?post=2830"}],"version-history":[{"count":1,"href":"https:\/\/visit-meknes.com\/en\/wp-json\/wp\/v2\/posts\/2830\/revisions"}],"predecessor-version":[{"id":2832,"href":"https:\/\/visit-meknes.com\/en\/wp-json\/wp\/v2\/posts\/2830\/revisions\/2832"}],"wp:featuredmedia":[{"embeddable":true,"href":"https:\/\/visit-meknes.com\/en\/wp-json\/wp\/v2\/media\/2831"}],"wp:attachment":[{"href":"https:\/\/visit-meknes.com\/en\/wp-json\/wp\/v2\/media?parent=2830"}],"wp:term":[{"taxonomy":"category","embeddable":true,"href":"https:\/\/visit-meknes.com\/en\/wp-json\/wp\/v2\/categories?post=2830"},{"taxonomy":"post_tag","embeddable":true,"href":"https:\/\/visit-meknes.com\/en\/wp-json\/wp\/v2\/tags?post=2830"}],"curies":[{"name":"wp","href":"https:\/\/api.w.org\/{rel}","templated":true}]}}