{"id":2826,"date":"2018-06-23T01:10:17","date_gmt":"2018-06-23T01:10:17","guid":{"rendered":"https:\/\/visit-meknes.com\/?p=2826"},"modified":"2018-06-23T01:10:17","modified_gmt":"2018-06-23T01:10:17","slug":"assemblee-generale-elective-du-cpt-meknes","status":"publish","type":"post","link":"https:\/\/visit-meknes.com\/en\/assemblee-generale-elective-du-cpt-meknes\/","title":{"rendered":"Assembl\u00e9e G\u00e9n\u00e9rale Elective du CPT Mekn\u00e8s"},"content":{"rendered":"<p>Les professionnels de Mekn\u00e8s auront \u00e0 voter, le 26 juin, pour d\u00e9signer leur nouveau Pr\u00e9sident, le mandat de Adil Terrab \u00e9tant venu \u00e0 terme apr\u00e8s 3 ans de militantisme et de repositionnement de la destination qui d\u00e9pend pourtant du territoire Fez. Action difficile de promotion vu que le produit Fez fait ombre au potentiel touristique authentique de la r\u00e9gion : tourisme historique, tourisme \u00e9cologique et agro-tourisme.<\/p>\n<p>A rappeler que le Conseil Pr\u00e9fectoral du Tourisme de Mekn\u00e8s et sa Pr\u00e9fecture a \u00e9t\u00e9 cr\u00e9\u00e9 le 16 F\u00e9vrier 2015 pour promouvoir le d\u00e9veloppement touristique de la destination et la mise en valeur de son potentiel touristique en tant que destination du tourisme historique et culturel \u00e0 part enti\u00e8re.<\/p>\n<p>En se dotant d\u2019une \u00ab nouvelle structure ambitieuse tourn\u00e9e vers ses membres, le CPTM s\u2019est engag\u00e9 \u00e9galement pour la consolidation des structures des diff\u00e9rentes professions touristiques pour plus d\u2019efficience et de participation aussi bien au niveau pr\u00e9fectoral que r\u00e9gional \u00bb, nous explique le Pr\u00e9sident sortant Adil Terrab.<\/p>\n<p>Depuis son institution, version 1, le CPT Mekn\u00e8s a effectivement fait son bonhomme de chemin et s\u2019est donn\u00e9 les moyens de b\u00e2tir les socles supportant une organisation des structures homog\u00e8ne et une ptomotion opportune des produits de niche, longtemps mis en veilleuse. Pas \u00e9tonnant qu\u2019aujourd\u2019hui, la destination peut se pr\u00e9valoir d\u2019une \u00ab hausse de 14% en mati\u00e8re d\u2019arriv\u00e9es et 09% au niveau des nuit\u00e9es en ce premier trimestre 2018, la fr\u00e9quentation h\u00f4teli\u00e8re \u00e0 Mekn\u00e8s r\u00e9siste convenablement et continue ainsi \u00e0 am\u00e9liorer les scores r\u00e9alis\u00e9s en 2017. En effet les touristes ayant visit\u00e9 Mekn\u00e8s \u00e9tait au nombre de 151 626, totalisant 227199 nuit\u00e9es, soit une progression de 18% par rapport \u00e0 2016. 44% des nuit\u00e9es ont \u00e9t\u00e9 r\u00e9alis\u00e9es par les non r\u00e9sidents contre 56% pour les r\u00e9sidents \u00bb, nous d\u00e9clare Adil Terrab.<\/p>\n<p>La r\u00e9organisation du dispositif de repr\u00e9sentativit\u00e9 professionnelle dans le cadre du d\u00e9coupage administratif r\u00e9gional amenant la constitution du Conseil R\u00e9gional du Tourisme\/Fez-Mekn\u00e8s ont fait que la cr\u00e9ation se heurte \u00e0 des contraintes proc\u00e9durales et formelles. Ce qui a contraint le CPTM \u00e0 \u00ab exprimer sa pr\u00e9occupation et en m\u00eame temps assurer ses partenaires professionnels de la R\u00e9gion de sa disponibilit\u00e9 \u00e0 adh\u00e9rer aux efforts louables pour d\u00e9bloquer la situation \u00bb, explique t-il.<\/p>\n<p>Mais quel bilan peut-on faire du mandat du Bureau sortant ? Des manches sont certes gagn\u00e9es mais beaucoup de travail reste \u00e0 faire. Adil Terrab ne cache n\u00e9anmoins pas sa fiert\u00e9 : \u00abLes membres du Bureau du CPTM ne peuvent \u00eatre que satisfaits de leur mandat eu \u00e9gard au bilan tr\u00e8s positif des actions et des activit\u00e9s entreprises et particuli\u00e8rement depuis la nouvelle restructuration de l\u2019association dont les faits marquants, non exhaustifs, se pr\u00e9sentent comme suit : La concr\u00e9tisation des conventions avec les partenaires institutionnels et les instances \u00e9lues dont l\u2019ONMT, le Conseil R\u00e9gional F\u00e8s-Mekn\u00e8s et le Conseil Communal de la Ville de Mekn\u00e8s ; La mise en place de structures de travail avec l\u2019acquisition et le r\u00e9am\u00e9nagement du Si\u00e8ge, le recrutement d\u2019une jeune \u00e9quipe, la nomination du Directeur, l\u2019organisation administrative du travail, etc \u00bb.<\/p>\n<p>De m\u00eame qu\u2019il nous assure de la viabilit\u00e9 des actions de promotion entam\u00e9es, gr\u00e2ce aux r\u00e9alisations r\u00e9centes en mati\u00e8re du mat\u00e9riel publi-promotionnel (cartes touristiques, guides, brochures, roll up, site web..) et les projections dont les deux actions phares sont la refonte du site web et la r\u00e9alisation de l\u2019application mobile de g\u00e9olocalisation.<\/p>\n<p>\u00abNous avons \u00e9galement proc\u00e9d\u00e9 \u00e0 l\u2019installation et \u00e9quipement du Bureau d\u2019Accueil et d\u2019Information du CPTM, particip\u00e9 activement \u00e0 la r\u00e9gularisation du tissu associatif professionnel en perspective de la tenue des assembl\u00e9es du CPTM et du CRT\/Fez-Mekn\u00e8s, ainsi qu\u2019une participation remarqu\u00e9e aux travaux pr\u00e9paratifs de la 3\u00e8me \u00e9dition du FITAM 2018 dans le cadre du comit\u00e9 tripartite regroupant \u00ab l\u2019Association ISMAILIA AL KOBRA \u00bb, la D\u00e9l\u00e9gation du Tourisme de Mekn\u00e8s et le CPTM qui est \u00e9galement charg\u00e9 de suivi des recommandations du 2\u00e8me FITAM 2017 \u00bb, ajoute t-il.<\/p>\n","protected":false},"excerpt":{"rendered":"<p>Les professionnels de Mekn\u00e8s auront \u00e0 voter, le 26 juin, pour d\u00e9signer leur nouveau Pr\u00e9sident, le mandat de Adil Terrab \u00e9tant venu \u00e0 terme apr\u00e8s 3 ans de militantisme et de repositionnement de la destination qui d\u00e9pend pourtant du territoire Fez. Action difficile de promotion vu que le produit Fez fait ombre au potentiel touristique<\/p>\n","protected":false},"author":1,"featured_media":2827,"comment_status":"open","ping_status":"open","sticky":false,"template":"","format":"standard","meta":{"footnotes":""},"categories":[6],"tags":[],"_links":{"self":[{"href":"https:\/\/visit-meknes.com\/en\/wp-json\/wp\/v2\/posts\/2826"}],"collection":[{"href":"https:\/\/visit-meknes.com\/en\/wp-json\/wp\/v2\/posts"}],"about":[{"href":"https:\/\/visit-meknes.com\/en\/wp-json\/wp\/v2\/types\/post"}],"author":[{"embeddable":true,"href":"https:\/\/visit-meknes.com\/en\/wp-json\/wp\/v2\/users\/1"}],"replies":[{"embeddable":true,"href":"https:\/\/visit-meknes.com\/en\/wp-json\/wp\/v2\/comments?post=2826"}],"version-history":[{"count":1,"href":"https:\/\/visit-meknes.com\/en\/wp-json\/wp\/v2\/posts\/2826\/revisions"}],"predecessor-version":[{"id":2828,"href":"https:\/\/visit-meknes.com\/en\/wp-json\/wp\/v2\/posts\/2826\/revisions\/2828"}],"wp:featuredmedia":[{"embeddable":true,"href":"https:\/\/visit-meknes.com\/en\/wp-json\/wp\/v2\/media\/2827"}],"wp:attachment":[{"href":"https:\/\/visit-meknes.com\/en\/wp-json\/wp\/v2\/media?parent=2826"}],"wp:term":[{"taxonomy":"category","embeddable":true,"href":"https:\/\/visit-meknes.com\/en\/wp-json\/wp\/v2\/categories?post=2826"},{"taxonomy":"post_tag","embeddable":true,"href":"https:\/\/visit-meknes.com\/en\/wp-json\/wp\/v2\/tags?post=2826"}],"curies":[{"name":"wp","href":"https:\/\/api.w.org\/{rel}","templated":true}]}}