{"id":2823,"date":"2018-06-19T21:20:17","date_gmt":"2018-06-19T21:20:17","guid":{"rendered":"https:\/\/visit-meknes.com\/?p=2823"},"modified":"2018-06-19T21:20:17","modified_gmt":"2018-06-19T21:20:17","slug":"tourisme-la-reprise-se-pousuit-a-meknes","status":"publish","type":"post","link":"https:\/\/visit-meknes.com\/en\/tourisme-la-reprise-se-pousuit-a-meknes\/","title":{"rendered":"Tourisme : La reprise se pousuit \u00e0 Mekn\u00e8s"},"content":{"rendered":"<p>Les nuit\u00e9es touristiques dans les \u00e9tablissements d\u2019h\u00e9bergement touristique class\u00e9s de la ville de Mekn\u00e8s ont connu une hausse de 7% \u00e0 fin avril 2018 en comparaison avec la m\u00eame p\u00e9riode de l\u2019ann\u00e9e pr\u00e9c\u00e9dente.<\/p>\n<p>Quelque 91 645 nuit\u00e9es ont \u00e9t\u00e9 enregistr\u00e9es durant les 4 premiers mois de l\u2019ann\u00e9e actuelle, contre 86 029 nuit\u00e9es au cours de la m\u00eame p\u00e9riode de l\u2019ann\u00e9e 2017, selon des statistiques de l\u2019Observatoire national du Tourisme.<\/p>\n<p>Le taux d\u2019occupation durant cette p\u00e9riode de l\u2019ann\u00e9e 2018 \u00e9tait de 30% contre 29% en 2017, note la m\u00eame source, ajoutant que la dur\u00e9e moyenne de s\u00e9jour pour la m\u00eame p\u00e9riode \u00e9tait de 1,4 jour en 2018 contre 1,5 en 2017.<\/p>\n<p>Infom\u00e9diaire<\/p>\n","protected":false},"excerpt":{"rendered":"<p>Les nuit\u00e9es touristiques dans les \u00e9tablissements d\u2019h\u00e9bergement touristique class\u00e9s de la ville de Mekn\u00e8s ont connu une hausse de 7% \u00e0 fin avril 2018 en comparaison avec la m\u00eame p\u00e9riode de l\u2019ann\u00e9e pr\u00e9c\u00e9dente. Quelque 91 645 nuit\u00e9es ont \u00e9t\u00e9 enregistr\u00e9es durant les 4 premiers mois de l\u2019ann\u00e9e actuelle, contre 86 029 nuit\u00e9es au cours de<\/p>\n","protected":false},"author":1,"featured_media":2824,"comment_status":"open","ping_status":"open","sticky":false,"template":"","format":"standard","meta":{"footnotes":""},"categories":[6],"tags":[],"_links":{"self":[{"href":"https:\/\/visit-meknes.com\/en\/wp-json\/wp\/v2\/posts\/2823"}],"collection":[{"href":"https:\/\/visit-meknes.com\/en\/wp-json\/wp\/v2\/posts"}],"about":[{"href":"https:\/\/visit-meknes.com\/en\/wp-json\/wp\/v2\/types\/post"}],"author":[{"embeddable":true,"href":"https:\/\/visit-meknes.com\/en\/wp-json\/wp\/v2\/users\/1"}],"replies":[{"embeddable":true,"href":"https:\/\/visit-meknes.com\/en\/wp-json\/wp\/v2\/comments?post=2823"}],"version-history":[{"count":1,"href":"https:\/\/visit-meknes.com\/en\/wp-json\/wp\/v2\/posts\/2823\/revisions"}],"predecessor-version":[{"id":2825,"href":"https:\/\/visit-meknes.com\/en\/wp-json\/wp\/v2\/posts\/2823\/revisions\/2825"}],"wp:featuredmedia":[{"embeddable":true,"href":"https:\/\/visit-meknes.com\/en\/wp-json\/wp\/v2\/media\/2824"}],"wp:attachment":[{"href":"https:\/\/visit-meknes.com\/en\/wp-json\/wp\/v2\/media?parent=2823"}],"wp:term":[{"taxonomy":"category","embeddable":true,"href":"https:\/\/visit-meknes.com\/en\/wp-json\/wp\/v2\/categories?post=2823"},{"taxonomy":"post_tag","embeddable":true,"href":"https:\/\/visit-meknes.com\/en\/wp-json\/wp\/v2\/tags?post=2823"}],"curies":[{"name":"wp","href":"https:\/\/api.w.org\/{rel}","templated":true}]}}