{"id":2816,"date":"2018-05-26T00:43:49","date_gmt":"2018-05-26T00:43:49","guid":{"rendered":"https:\/\/visit-meknes.com\/?p=2816"},"modified":"2018-05-26T00:43:49","modified_gmt":"2018-05-26T00:43:49","slug":"560-mdh-pour-booster-le-tourisme","status":"publish","type":"post","link":"https:\/\/visit-meknes.com\/en\/560-mdh-pour-booster-le-tourisme\/","title":{"rendered":"560 MDH POUR BOOSTER LE TOURISME"},"content":{"rendered":"<p>Dans le cadre de la mise en place des projets du Programme d\u2019action communale (PAC) 2016-2021, les membres de la Commune de F\u00e8s ont r\u00e9cemment valid\u00e9 deux conventions de partenariat visant la r\u00e9habilitation et la valorisation des monuments touristiques de la ville.<\/p>\n<p>Le Programme d\u2019action communale (PAC) de la ville de F\u00e8s commence \u00e0 porter ses fruits. Un an apr\u00e8s sa validation, les membres de la commune ont approuv\u00e9 les deux premi\u00e8res conventions de partenariat programm\u00e9es dans le cadre du PAC. Pr\u00e8s de 560 MDH seront d\u00e9di\u00e9s \u00e0 la r\u00e9habilitation et \u00e0 la valorisation des monuments touristiques de la ville. Les deux projets devraient \u00eatre r\u00e9alis\u00e9s avant 2022, visant principalement l\u2019appui des programmes \u00e9conomiques, sociaux et culturels devant b\u00e9n\u00e9ficier \u00e0 la ville. Concernant la premi\u00e8re convention, elle sera dot\u00e9e d\u2019une enveloppe de 388 MDH et portera sur la r\u00e9habilitation et la mise \u00e0 niveau de 73 sites dont 11 monuments historiques, 10 espaces religieux, une unit\u00e9 industrielle et commerciale, 37 espaces de divertissements et de loisirs et 13 b\u00e2timents divers.<\/p>\n<p>Le financement de ces projets sera assur\u00e9, entre autres, par le minist\u00e8re de l\u2019Int\u00e9rieur qui y contribuera avec une enveloppe de 94 MDH, le minist\u00e8re des Habous et des affaires islamiques avec 83 MDH, le minist\u00e8re de l\u2019Habitat avec 51 MDH, le minist\u00e8re de la Culture avec 77 MDH, le minist\u00e8re du Tourisme avec 20 MDH et la commune de F\u00e8s avec 10 MDH. S\u2019agissant de la deuxi\u00e8me convention, elle sera dot\u00e9e d\u2019une enveloppe de 172 MDH et portera sur la mise \u00e0 niveau de 39 sites d\u2019activit\u00e9s \u00e9conomiques dans la ville, dont 12 foundouks, 15 machines de textile artisanales et 5 souks d\u00e9di\u00e9s aux ventes sp\u00e9cialis\u00e9es. Parmi les partenaires de cette convention, on retrouve le minist\u00e8re de l\u2019Int\u00e9rieur avec 53 MDH, le minist\u00e8re des Habous et des affaires islamiques avec 17 MDH, le minist\u00e8re du Tourisme avec 25 MDH et le Fonds Hassan II pour le d\u00e9veloppement \u00e9conomique et social avec 77 MDH. Pr\u00e9cisons que le PAC de la ville de F\u00e8s est d\u00e9clin\u00e9 en quatre axes, \u00e0 savoir: \u00abF\u00e8s, une cit\u00e9 attractive, \u00e9cologique et durable\u00bb, \u00abF\u00e8s, une ville \u00e9quilibr\u00e9e et universelle\u00bb, \u00abF\u00e8s, un p\u00f4le de comp\u00e9titivit\u00e9 \u00e9conomique\u00bb et \u00abF\u00e8s, une r\u00e9f\u00e9rence dans la gouvernance et la d\u00e9mocratie participative\u00bb.<\/p>\n<p>Les responsables de la commune ont expliqu\u00e9 que la ville doit b\u00e9n\u00e9ficier du nouveau d\u00e9coupage r\u00e9gional permettant la redynamisation du projet de m\u00e9tropolisation bipolaire avec Mekn\u00e8s. Il vise \u00e0 positionner l\u2019espace m\u00e9tropolitain compos\u00e9 de F\u00e8s et de ses centres d\u2019appui, de Mekn\u00e8s et de son arri\u00e8re-pays, ainsi que des terres agricoles et p\u00e9riurbaines qui les s\u00e9parent, dans l\u2019espace national comme un p\u00f4le majeur de d\u00e9veloppement. D\u2019apr\u00e8s les responsables de la commune, \u00able projet du PAC de la ville de F\u00e8s a pour objet l\u2019\u00e9mergence d\u2019un espace m\u00e9tropolitain comp\u00e9titif bipolaire \u00e0 l\u2019\u00e9chelle nationale, en mesure de faire face \u00e0 la concurrence des grands p\u00f4les du littoral vis-\u00e0-vis du poids d\u00e9mographique important, le potentiel agricole, l\u2019industrie et le tourisme et le patrimoine historique jug\u00e9 tr\u00e8s important\u00bb. Le projet de bipolarisation concourra \u00e9galement \u00e0 l\u2019\u00e9mergence de nouvelles centralit\u00e9s polyfonctionnelles, \u00e0 travers l\u2019implantation des activit\u00e9s et \u00e9quipements dans les espaces les plus adapt\u00e9s au sein de la ville m\u00e8re et de l\u2019aire m\u00e9tropolitaine. Le PAC compte \u00e9galement faire face aux menaces, notamment celles relatives \u00e0 la concurrence des autres m\u00e9tropoles et des produits manufactur\u00e9s import\u00e9s ou de contrebande qui mettent en p\u00e9ril les produits de l\u2019artisanat local. Il faut aussi rappeler la probl\u00e9matique de l\u2019exode rural des cat\u00e9gories ayant un niveau d\u2019\u00e9ducation bas qui se traduit par le renforcement de l\u2019informel. Parmi les projets programm\u00e9s dans le PAC de la ville de F\u00e8s figurent la r\u00e9alisation d\u2019une nouvelle zone logistique, la construction d\u2019un technoparc, deux gares routi\u00e8res, des smart parkings, la restructuration des routes principales, de m\u00eame que la mise en place des passages d\u00e9di\u00e9s aux conducteurs de deux-roues.<\/p>\n","protected":false},"excerpt":{"rendered":"<p>Dans le cadre de la mise en place des projets du Programme d\u2019action communale (PAC) 2016-2021, les membres de la Commune de F\u00e8s ont r\u00e9cemment valid\u00e9 deux conventions de partenariat visant la r\u00e9habilitation et la valorisation des monuments touristiques de la ville. Le Programme d\u2019action communale (PAC) de la ville de F\u00e8s commence \u00e0 porter<\/p>\n","protected":false},"author":1,"featured_media":2817,"comment_status":"open","ping_status":"open","sticky":false,"template":"","format":"standard","meta":{"footnotes":""},"categories":[6],"tags":[],"_links":{"self":[{"href":"https:\/\/visit-meknes.com\/en\/wp-json\/wp\/v2\/posts\/2816"}],"collection":[{"href":"https:\/\/visit-meknes.com\/en\/wp-json\/wp\/v2\/posts"}],"about":[{"href":"https:\/\/visit-meknes.com\/en\/wp-json\/wp\/v2\/types\/post"}],"author":[{"embeddable":true,"href":"https:\/\/visit-meknes.com\/en\/wp-json\/wp\/v2\/users\/1"}],"replies":[{"embeddable":true,"href":"https:\/\/visit-meknes.com\/en\/wp-json\/wp\/v2\/comments?post=2816"}],"version-history":[{"count":1,"href":"https:\/\/visit-meknes.com\/en\/wp-json\/wp\/v2\/posts\/2816\/revisions"}],"predecessor-version":[{"id":2818,"href":"https:\/\/visit-meknes.com\/en\/wp-json\/wp\/v2\/posts\/2816\/revisions\/2818"}],"wp:featuredmedia":[{"embeddable":true,"href":"https:\/\/visit-meknes.com\/en\/wp-json\/wp\/v2\/media\/2817"}],"wp:attachment":[{"href":"https:\/\/visit-meknes.com\/en\/wp-json\/wp\/v2\/media?parent=2816"}],"wp:term":[{"taxonomy":"category","embeddable":true,"href":"https:\/\/visit-meknes.com\/en\/wp-json\/wp\/v2\/categories?post=2816"},{"taxonomy":"post_tag","embeddable":true,"href":"https:\/\/visit-meknes.com\/en\/wp-json\/wp\/v2\/tags?post=2816"}],"curies":[{"name":"wp","href":"https:\/\/api.w.org\/{rel}","templated":true}]}}