{"id":2813,"date":"2018-05-26T00:40:19","date_gmt":"2018-05-26T00:40:19","guid":{"rendered":"https:\/\/visit-meknes.com\/?p=2813"},"modified":"2018-05-26T00:40:19","modified_gmt":"2018-05-26T00:40:19","slug":"le-conseil-prefectoral-du-tourisme-de-meknes-veut-federer-les-professionnels","status":"publish","type":"post","link":"https:\/\/visit-meknes.com\/en\/le-conseil-prefectoral-du-tourisme-de-meknes-veut-federer-les-professionnels\/","title":{"rendered":"Le Conseil pr\u00e9fectoral du tourisme de Mekn\u00e8s veut f\u00e9d\u00e9rer les professionnels"},"content":{"rendered":"<p>Le bureau du Conseil pr\u00e9fectoral du tourisme de Mekn\u00e8s s\u2019est r\u00e9uni le 16 mai dernier pour examiner de pr\u00e8s la concr\u00e9tisation des conventions de partenariat, notamment avec l\u2019ONMT, les r\u00e9alisations et les projections en mati\u00e8re des outils publi-promotionnels et la restructuration pr\u00e9fectorale et r\u00e9gionale du dispositif associatif professionnel.<\/p>\n<p>Le conseil s\u2019est fix\u00e9 comme objectif principal de regrouper en son sein l\u2019ensemble des professions et des \u00e9tablissements touristiques de la pr\u00e9fecture de Mekn\u00e8s.<\/p>\n<p>Le CPTM s\u2019est engag\u00e9, \u00e9galement, \u00e0 renforcer les associations professionnelles touristiques pour plus d\u2019efficience au niveau pr\u00e9fectoral et r\u00e9gional.<\/p>\n<p>Dans un communiqu\u00e9, le CPTM a exprim\u00e9 \u00absa vive pr\u00e9occupation et sa profonde inqui\u00e9tude que continue \u00e0 lui inspirer le climat de tension qui pr\u00e9vaut et le risque accru caus\u00e9 par l\u2019\u00e9loignement des principes d\u2019unit\u00e9 et de collaboration au niveau du processus de la restructuration r\u00e9gionale du dispositif associatif professionnel\u00bb.<\/p>\n<p>Le CPTM, en continuant de suivre de pr\u00e8s l\u2019\u00e9volution de ce processus aux diff\u00e9rents stades de cette restructuration, assure ses partenaires professionnels de la R\u00e9gion F\u00e8s-Mekn\u00e8s de sa confraternelle disponibilit\u00e9 \u00e0 participer activement \u00e0 l\u2019instauration des mesures de confiance mutuelle \u00e0 l\u2019\u00e9chelon r\u00e9gional, en total respect des traditions de probit\u00e9 et de moralit\u00e9, et en adoptant les r\u00e8gles d\u2019usage et de d\u00e9ontologie admises par la profession.<\/p>\n","protected":false},"excerpt":{"rendered":"<p>Le bureau du Conseil pr\u00e9fectoral du tourisme de Mekn\u00e8s s\u2019est r\u00e9uni le 16 mai dernier pour examiner de pr\u00e8s la concr\u00e9tisation des conventions de partenariat, notamment avec l\u2019ONMT, les r\u00e9alisations et les projections en mati\u00e8re des outils publi-promotionnels et la restructuration pr\u00e9fectorale et r\u00e9gionale du dispositif associatif professionnel. Le conseil s\u2019est fix\u00e9 comme objectif principal<\/p>\n","protected":false},"author":1,"featured_media":2814,"comment_status":"open","ping_status":"open","sticky":false,"template":"","format":"standard","meta":{"footnotes":""},"categories":[6],"tags":[],"_links":{"self":[{"href":"https:\/\/visit-meknes.com\/en\/wp-json\/wp\/v2\/posts\/2813"}],"collection":[{"href":"https:\/\/visit-meknes.com\/en\/wp-json\/wp\/v2\/posts"}],"about":[{"href":"https:\/\/visit-meknes.com\/en\/wp-json\/wp\/v2\/types\/post"}],"author":[{"embeddable":true,"href":"https:\/\/visit-meknes.com\/en\/wp-json\/wp\/v2\/users\/1"}],"replies":[{"embeddable":true,"href":"https:\/\/visit-meknes.com\/en\/wp-json\/wp\/v2\/comments?post=2813"}],"version-history":[{"count":1,"href":"https:\/\/visit-meknes.com\/en\/wp-json\/wp\/v2\/posts\/2813\/revisions"}],"predecessor-version":[{"id":2815,"href":"https:\/\/visit-meknes.com\/en\/wp-json\/wp\/v2\/posts\/2813\/revisions\/2815"}],"wp:featuredmedia":[{"embeddable":true,"href":"https:\/\/visit-meknes.com\/en\/wp-json\/wp\/v2\/media\/2814"}],"wp:attachment":[{"href":"https:\/\/visit-meknes.com\/en\/wp-json\/wp\/v2\/media?parent=2813"}],"wp:term":[{"taxonomy":"category","embeddable":true,"href":"https:\/\/visit-meknes.com\/en\/wp-json\/wp\/v2\/categories?post=2813"},{"taxonomy":"post_tag","embeddable":true,"href":"https:\/\/visit-meknes.com\/en\/wp-json\/wp\/v2\/tags?post=2813"}],"curies":[{"name":"wp","href":"https:\/\/api.w.org\/{rel}","templated":true}]}}