{"id":2705,"date":"2018-03-08T22:27:40","date_gmt":"2018-03-08T22:27:40","guid":{"rendered":"http:\/\/visit-meknes.com\/?p=2705"},"modified":"2018-03-08T22:27:40","modified_gmt":"2018-03-08T22:27:40","slug":"ficam-la-17e-edition-met-a-lhonneur-les-femmes","status":"publish","type":"post","link":"https:\/\/visit-meknes.com\/en\/ficam-la-17e-edition-met-a-lhonneur-les-femmes\/","title":{"rendered":"FICAM: La 17e \u00e9dition met \u00e0 l&#8217;honneur les femmes"},"content":{"rendered":"<p>Le festival rend hommage aux sc\u00e9naristes, r\u00e9alisatrices, formatrices, productrices, story-bordeuses, plasticiennes, enseignantes, organisatrices du festival, mamans, \u00e9tudiantes\u2026 Il programme plusieurs tables rondes, projections et conf\u00e9rences pour d\u00e9battre du cin\u00e9ma d&#8217;animation au f\u00e9minin.<\/p>\n<p>Le Festival international du cin\u00e9ma d\u2019animation de Mekn\u00e8s\u00a0(FICAM) se met au f\u00e9minin. La dix-septi\u00e8me \u00e9dition rend hommage, du 16 au 21 mars, \u00e0 celles qui partagent la passion de la bande dessin\u00e9e et de l\u2019image anim\u00e9e. Des sc\u00e9naristes, r\u00e9alisatrices, formatrices, productrices, story-bordeuses, plasticiennes, enseignantes, organisatrices du festival, mamans, \u00e9tudiantes\u2026 seront \u00e0 l\u2019honneur. Pour parler cin\u00e9ma d\u2019animation, le festival donne la parole \u00e0 des professionnelles de ce genre artistique. Brenda Chapman animera la conf\u00e9rence inaugurale le vendredi 16 mars \u00e0 14 h 30 \u00e0 la M\u00e9diath\u00e8que de l\u2019Institut fran\u00e7ais. Cette sc\u00e9nariste et r\u00e9alisatrice am\u00e9ricaine a re\u00e7u, en 2013, l&#8217;Oscar du meilleur film d&#8217;animation pour le film \u00abRebelle\u00bb, co-r\u00e9alis\u00e9 avec Mark Andrews. La M\u00e9diath\u00e8que accueillera d\u2019autres tables rondes avec des sp\u00e9cialistes du cin\u00e9ma d\u2019animation tout au long du festival. Le programme \u00abCartes blanches\u00bb accueillera Delphine Maury, productrice \u00e0 Tant mieux Prod\u2019 et la r\u00e9alisatrice Monique Renault. Elles partageront leurs exp\u00e9riences dans le cadre des programmations sp\u00e9cialement concoct\u00e9es par des producteurs et studios de cr\u00e9ation. Et ce respectivement les 20 et 21 mars (9 h) \u00e0 l\u2019Auditorium de l\u2019Agence r\u00e9gionale d\u2019ex\u00e9cution des projets de la r\u00e9gion de F\u00e8s-Mekn\u00e8s. Pour sa part, la cin\u00e9aste allemande Katrin Rothe pr\u00e9sentera en avant-premi\u00e8re son film \u00ab1917 \u2013 La v\u00e9rit\u00e9 sur octobre\u00bb. Il s\u2019agit d\u2019un r\u00e9cit anim\u00e9 de la r\u00e9volution russe. Katrin Rothe m\u00e8ne une recherche sur la base de journaux, de reportages et d\u2019\u0153uvres litt\u00e9raires jusqu\u2019alors inconnus dans l\u2019\u00e9v\u00e9nement connu aujourd\u2019hui sous le nom de \u00abR\u00e9volution d\u2019octobre\u00bb. Pour la toute premi\u00e8re fois, la R\u00e9volution russe est vue uniquement \u00e0 travers les yeux des artistes qui ont connu le quotidien de cette ann\u00e9e r\u00e9volutionnaire de 1917. Le film sera projet\u00e9 le samedi 17 mars \u00e0 12 h au Th\u00e9\u00e2tre de\u00a0l\u2019Institut fran\u00e7ais.<\/p>\n<p>Le cin\u00e9ma d\u2019animation f\u00e9minin sera aussi pr\u00e9sent dans le cadre de la comp\u00e9tition du long m\u00e9trage. La r\u00e9alisatrice canadienne Nancy Florence Savard sera pr\u00e9sente au dix-septi\u00e8me FICAM pour pr\u00e9senter, le 18 mars \u00e0 19 h, \u00abNelly et Simon : Mission Y\u00e9ti\u00bb. Co-r\u00e9alis\u00e9 avec Pierre Greco, ce film illustre les destins de Nelly Maloye, d\u00e9tective priv\u00e9e d\u00e9butante, et Simon Picard, assistant de recherche en sciences qui se croisent accidentellement. Ils se lancent dans une aventure visant \u00e0 prouver l\u2019existence du Y\u00e9ti. Pour y arriver, Simon compte sur le journal d\u2019un explorateur pour les mener au rep\u00e8re de la cr\u00e9ature mythique. La r\u00e9alisatrice japonaise Naoko Yamada pr\u00e9sentera, le 19 mars \u00e0 19 h, \u00abA silent voice\u00bb. Dans ce film d\u2019animation, Shoko, une \u00e9coli\u00e8re sourde, change d\u2019\u00e9cole primaire et rencontre un gar\u00e7on nomm\u00e9 Shoya dans sa nouvelle classe. Shoya, qui n\u2019est pas sourd, incite la classe \u00e0 pers\u00e9cuter Shoko \u00e0 propos de son handicap. Des ann\u00e9es plus tard, Shoya, tourment\u00e9 par son pass\u00e9, d\u00e9cide de retourner voir Shoko dans l\u2019espoir de se faire pardonner. Les projections sont programm\u00e9es au Th\u00e9\u00e2tre de l\u2019Institut fran\u00e7ais. Le FICAM pr\u00e9voit aussi un \u00abTh\u00e9 \u00e0 la menthe\u00bb avec Monique Renault, Nancy Florence Savard, C\u00e9line Sciamma (sc\u00e9nariste et r\u00e9alisatrice fran\u00e7aise) et la r\u00e9alisatrice Olesya Shchukina pour discuter du th\u00e8me \u00abFemmes et animation, un combat au quotidien\u00bb. Une introduction aux diff\u00e9rentes techniques du cin\u00e9ma d\u2019animation est aussi programm\u00e9e avec une s\u00e9rie d\u2019ateliers avec les experts et expertes du secteur comme Judith Nora, productrice \u00e0 Silex Films\u00a0et Katrin Rothe.<\/p>\n","protected":false},"excerpt":{"rendered":"<p>Le festival rend hommage aux sc\u00e9naristes, r\u00e9alisatrices, formatrices, productrices, story-bordeuses, plasticiennes, enseignantes, organisatrices du festival, mamans, \u00e9tudiantes\u2026 Il programme plusieurs tables rondes, projections et conf\u00e9rences pour d\u00e9battre du cin\u00e9ma d&#8217;animation au f\u00e9minin. Le Festival international du cin\u00e9ma d\u2019animation de Mekn\u00e8s\u00a0(FICAM) se met au f\u00e9minin. La dix-septi\u00e8me \u00e9dition rend hommage, du 16 au 21 mars, \u00e0<\/p>\n","protected":false},"author":1,"featured_media":2706,"comment_status":"open","ping_status":"open","sticky":false,"template":"","format":"standard","meta":{"footnotes":""},"categories":[70,6],"tags":[],"_links":{"self":[{"href":"https:\/\/visit-meknes.com\/en\/wp-json\/wp\/v2\/posts\/2705"}],"collection":[{"href":"https:\/\/visit-meknes.com\/en\/wp-json\/wp\/v2\/posts"}],"about":[{"href":"https:\/\/visit-meknes.com\/en\/wp-json\/wp\/v2\/types\/post"}],"author":[{"embeddable":true,"href":"https:\/\/visit-meknes.com\/en\/wp-json\/wp\/v2\/users\/1"}],"replies":[{"embeddable":true,"href":"https:\/\/visit-meknes.com\/en\/wp-json\/wp\/v2\/comments?post=2705"}],"version-history":[{"count":1,"href":"https:\/\/visit-meknes.com\/en\/wp-json\/wp\/v2\/posts\/2705\/revisions"}],"predecessor-version":[{"id":2707,"href":"https:\/\/visit-meknes.com\/en\/wp-json\/wp\/v2\/posts\/2705\/revisions\/2707"}],"wp:featuredmedia":[{"embeddable":true,"href":"https:\/\/visit-meknes.com\/en\/wp-json\/wp\/v2\/media\/2706"}],"wp:attachment":[{"href":"https:\/\/visit-meknes.com\/en\/wp-json\/wp\/v2\/media?parent=2705"}],"wp:term":[{"taxonomy":"category","embeddable":true,"href":"https:\/\/visit-meknes.com\/en\/wp-json\/wp\/v2\/categories?post=2705"},{"taxonomy":"post_tag","embeddable":true,"href":"https:\/\/visit-meknes.com\/en\/wp-json\/wp\/v2\/tags?post=2705"}],"curies":[{"name":"wp","href":"https:\/\/api.w.org\/{rel}","templated":true}]}}