{"id":2694,"date":"2018-02-14T23:00:27","date_gmt":"2018-02-14T23:00:27","guid":{"rendered":"http:\/\/visit-meknes.com\/?p=2694"},"modified":"2018-02-14T23:00:27","modified_gmt":"2018-02-14T23:00:27","slug":"siam-2018-du-24-au-28-avril-a-meknes","status":"publish","type":"post","link":"https:\/\/visit-meknes.com\/en\/siam-2018-du-24-au-28-avril-a-meknes\/","title":{"rendered":"Siam 2018, du 24 au 28 avril \u00e0 Mekn\u00e8s"},"content":{"rendered":"<p>La 13e \u00e9dition du Salon international de l\u2019agriculture au Maroc se tiendra \u00e0 Mekn\u00e8s, du 24 au 28 avril 2018.<\/p>\n<p>Quelque 810.000 visiteurs avaient arpent\u00e9 les all\u00e9es de l\u2019\u00e9dition 2017 du salon, qui avait battu un record, avec 1.230 exposants nationaux et internationaux.<\/p>\n<p>Le Siam 2017, qui a attir\u00e9 66 pays, dont 19 africains, a connu l\u2019organisation de 33 conf\u00e9rences et colloques sur des sujets en relation avec la th\u00e9matique: \u201cAgrobusiness et cha\u00eenes de valeur agricoles durables\u201d.<\/p>\n<p>L\u2019Agence wallonne \u00e0 l\u2019exportation et aux investissements \u00e9trangers (Awex) a annonc\u00e9, mardi 13 f\u00e9vrier, sa participation \u00e0 la 13e \u00e9dition du Siam.<\/p>\n","protected":false},"excerpt":{"rendered":"<p>La 13e \u00e9dition du Salon international de l\u2019agriculture au Maroc se tiendra \u00e0 Mekn\u00e8s, du 24 au 28 avril 2018. Quelque 810.000 visiteurs avaient arpent\u00e9 les all\u00e9es de l\u2019\u00e9dition 2017 du salon, qui avait battu un record, avec 1.230 exposants nationaux et internationaux. Le Siam 2017, qui a attir\u00e9 66 pays, dont 19 africains, a<\/p>\n","protected":false},"author":1,"featured_media":2695,"comment_status":"open","ping_status":"open","sticky":false,"template":"","format":"standard","meta":{"footnotes":""},"categories":[70,6],"tags":[],"_links":{"self":[{"href":"https:\/\/visit-meknes.com\/en\/wp-json\/wp\/v2\/posts\/2694"}],"collection":[{"href":"https:\/\/visit-meknes.com\/en\/wp-json\/wp\/v2\/posts"}],"about":[{"href":"https:\/\/visit-meknes.com\/en\/wp-json\/wp\/v2\/types\/post"}],"author":[{"embeddable":true,"href":"https:\/\/visit-meknes.com\/en\/wp-json\/wp\/v2\/users\/1"}],"replies":[{"embeddable":true,"href":"https:\/\/visit-meknes.com\/en\/wp-json\/wp\/v2\/comments?post=2694"}],"version-history":[{"count":1,"href":"https:\/\/visit-meknes.com\/en\/wp-json\/wp\/v2\/posts\/2694\/revisions"}],"predecessor-version":[{"id":2696,"href":"https:\/\/visit-meknes.com\/en\/wp-json\/wp\/v2\/posts\/2694\/revisions\/2696"}],"wp:featuredmedia":[{"embeddable":true,"href":"https:\/\/visit-meknes.com\/en\/wp-json\/wp\/v2\/media\/2695"}],"wp:attachment":[{"href":"https:\/\/visit-meknes.com\/en\/wp-json\/wp\/v2\/media?parent=2694"}],"wp:term":[{"taxonomy":"category","embeddable":true,"href":"https:\/\/visit-meknes.com\/en\/wp-json\/wp\/v2\/categories?post=2694"},{"taxonomy":"post_tag","embeddable":true,"href":"https:\/\/visit-meknes.com\/en\/wp-json\/wp\/v2\/tags?post=2694"}],"curies":[{"name":"wp","href":"https:\/\/api.w.org\/{rel}","templated":true}]}}