{"id":2691,"date":"2018-02-13T23:01:28","date_gmt":"2018-02-13T23:01:28","guid":{"rendered":"http:\/\/visit-meknes.com\/?p=2691"},"modified":"2018-02-13T23:01:28","modified_gmt":"2018-02-13T23:01:28","slug":"connectivite-aerienne-la-region-fes-meknes-signe-avec-air-arabia","status":"publish","type":"post","link":"https:\/\/visit-meknes.com\/en\/connectivite-aerienne-la-region-fes-meknes-signe-avec-air-arabia\/","title":{"rendered":"Connectivit\u00e9 a\u00e9rienne : La r\u00e9gion F\u00e8s-Mekn\u00e8s signe avec Air Arabia !"},"content":{"rendered":"<p>La r\u00e9gion F\u00e8s-Mekn\u00e8s et la Compagnie Air Arabia Maroc, l&#8217;un des leaders du transport a\u00e9rien \u00e0 tarif r\u00e9duit, ont sign\u00e9, ce mardi \u00e0 F\u00e8s, une convention de partenariat pour le renforcement de la connectivit\u00e9 a\u00e9rienne de la r\u00e9gion sur les plans national et international.<\/p>\n<p>Cette convention vise \u00e0 d\u00e9velopper aussi bien le tourisme que le trafic a\u00e9rien de et vers la r\u00e9gion F\u00e8s-Mekn\u00e8s. Etal\u00e9e sur une p\u00e9riode de 3 ann\u00e9es, elle tend aussi \u00e0 augmenter le nombre de vols vers l\u2019a\u00e9roport de F\u00e8s-Saiss, afin de promouvoir la r\u00e9gion F\u00e8s-Mekn\u00e8s, en particulier et la destination Maroc en g\u00e9n\u00e9ral. La convention de partenariat devra aussi favoriser la cr\u00e9ation de postes d\u2019emplois directs et indirects et contribuer au d\u00e9veloppement socio-\u00e9conomique de la r\u00e9gion, outre la mise en place d\u2019un support d\u00e9di\u00e9 aux personnes \u00e0 mobilit\u00e9 r\u00e9duite, en leur offrant des avantages tarifaires et d\u2019assistance pour faciliter leur d\u00e9placement dans de meilleures conditions.<\/p>\n<p>Et en vertu de cet accord, les 2 parties s\u2019engagent \u00e0 faire rayonner la r\u00e9gion dans les divers pays desservis, en mettant en avant les atouts aussi bien culturels que naturels de la r\u00e9gion.<\/p>\n","protected":false},"excerpt":{"rendered":"<p>La r\u00e9gion F\u00e8s-Mekn\u00e8s et la Compagnie Air Arabia Maroc, l&#8217;un des leaders du transport a\u00e9rien \u00e0 tarif r\u00e9duit, ont sign\u00e9, ce mardi \u00e0 F\u00e8s, une convention de partenariat pour le renforcement de la connectivit\u00e9 a\u00e9rienne de la r\u00e9gion sur les plans national et international. Cette convention vise \u00e0 d\u00e9velopper aussi bien le tourisme que le<\/p>\n","protected":false},"author":1,"featured_media":2692,"comment_status":"open","ping_status":"open","sticky":false,"template":"","format":"standard","meta":{"footnotes":""},"categories":[6],"tags":[],"_links":{"self":[{"href":"https:\/\/visit-meknes.com\/en\/wp-json\/wp\/v2\/posts\/2691"}],"collection":[{"href":"https:\/\/visit-meknes.com\/en\/wp-json\/wp\/v2\/posts"}],"about":[{"href":"https:\/\/visit-meknes.com\/en\/wp-json\/wp\/v2\/types\/post"}],"author":[{"embeddable":true,"href":"https:\/\/visit-meknes.com\/en\/wp-json\/wp\/v2\/users\/1"}],"replies":[{"embeddable":true,"href":"https:\/\/visit-meknes.com\/en\/wp-json\/wp\/v2\/comments?post=2691"}],"version-history":[{"count":1,"href":"https:\/\/visit-meknes.com\/en\/wp-json\/wp\/v2\/posts\/2691\/revisions"}],"predecessor-version":[{"id":2693,"href":"https:\/\/visit-meknes.com\/en\/wp-json\/wp\/v2\/posts\/2691\/revisions\/2693"}],"wp:featuredmedia":[{"embeddable":true,"href":"https:\/\/visit-meknes.com\/en\/wp-json\/wp\/v2\/media\/2692"}],"wp:attachment":[{"href":"https:\/\/visit-meknes.com\/en\/wp-json\/wp\/v2\/media?parent=2691"}],"wp:term":[{"taxonomy":"category","embeddable":true,"href":"https:\/\/visit-meknes.com\/en\/wp-json\/wp\/v2\/categories?post=2691"},{"taxonomy":"post_tag","embeddable":true,"href":"https:\/\/visit-meknes.com\/en\/wp-json\/wp\/v2\/tags?post=2691"}],"curies":[{"name":"wp","href":"https:\/\/api.w.org\/{rel}","templated":true}]}}