{"id":2677,"date":"2018-02-05T20:22:57","date_gmt":"2018-02-05T20:22:57","guid":{"rendered":"http:\/\/visit-meknes.com\/?p=2677"},"modified":"2018-02-05T20:22:57","modified_gmt":"2018-02-05T20:22:57","slug":"volubilis-meknes-beaux-livres-de-belcolombo","status":"publish","type":"post","link":"https:\/\/visit-meknes.com\/en\/volubilis-meknes-beaux-livres-de-belcolombo\/","title":{"rendered":"VOLUBILIS &#8211; MEKNES : BEAUX-LIVRES DE BELCOLOMBO"},"content":{"rendered":"<h4><strong>Mercredi 7 f\u00e9vrier \u00e0 18h30, M\u00e9diath\u00e8que de l\u2019Institut<\/strong><\/h4>\n<p>A l\u2019occasion de la sortie du beau-livre Volubilis du photographe fran\u00e7ais Belcolombo, M. Mustapha Atki, conservateur du site arch\u00e9ologique romain de Volubilis \u00e9voquera les\u00a0\u00e9l\u00e9ments exceptionnels qui le caract\u00e9risent : monuments, mosa\u00efques, villas patriciennes,\u00a0mus\u00e9e\u2026<\/p>\n<p>M. Driss Alaoui, conservateur de la m\u00e9dina de Mekn\u00e8s, reviendra \u00e9galement sur le\u00a0patrimoine de la cit\u00e9 isma\u00eflienne en s\u2019appuyant sur le livre Mekn\u00e8s &#8221; Cit\u00e9 imp\u00e9riale &#8221; de\u00a0Belcolombo, paru \u00e9galement en 2017.<\/p>\n<p>Par ces deux ouvrages, le photographe Belcolombo rend ainsi hommage \u00e0 la ville\u00a0historique de Mekn\u00e8s et au site arch\u00e9ologique de Volubilis tous deux inscrits sur la Liste\u00a0du patrimoine mondial de l\u2019Unesco, respectivement en 1996 et 1997.<\/p>\n<p>S\u2019agissant de la ville de Mekn\u00e8s, Belcolombo \u00e9largit son travail \u00e0 la ville nouvelle et \u00e0 ses environs afin de rendre compte de la richesse et de la beaut\u00e9 de cette r\u00e9gion.<\/p>\n<p><a href=\"http:\/\/visit-meknes.com\/wp-content\/uploads\/2018\/02\/1-Invitation-Volubilis-Mekne\u0300s.pdf\" target=\"_blank\" rel=\"noopener noreferrer\">T\u00e9l\u00e9charger votre INVITATION<\/a><\/p>\n","protected":false},"excerpt":{"rendered":"<p>Mercredi 7 f\u00e9vrier \u00e0 18h30, M\u00e9diath\u00e8que de l\u2019Institut A l\u2019occasion de la sortie du beau-livre Volubilis du photographe fran\u00e7ais Belcolombo, M. Mustapha Atki, conservateur du site arch\u00e9ologique romain de Volubilis \u00e9voquera les\u00a0\u00e9l\u00e9ments exceptionnels qui le caract\u00e9risent : monuments, mosa\u00efques, villas patriciennes,\u00a0mus\u00e9e\u2026 M. Driss Alaoui, conservateur de la m\u00e9dina de Mekn\u00e8s, reviendra \u00e9galement sur le\u00a0patrimoine de<\/p>\n","protected":false},"author":1,"featured_media":2679,"comment_status":"open","ping_status":"open","sticky":false,"template":"","format":"standard","meta":{"footnotes":""},"categories":[6],"tags":[],"_links":{"self":[{"href":"https:\/\/visit-meknes.com\/en\/wp-json\/wp\/v2\/posts\/2677"}],"collection":[{"href":"https:\/\/visit-meknes.com\/en\/wp-json\/wp\/v2\/posts"}],"about":[{"href":"https:\/\/visit-meknes.com\/en\/wp-json\/wp\/v2\/types\/post"}],"author":[{"embeddable":true,"href":"https:\/\/visit-meknes.com\/en\/wp-json\/wp\/v2\/users\/1"}],"replies":[{"embeddable":true,"href":"https:\/\/visit-meknes.com\/en\/wp-json\/wp\/v2\/comments?post=2677"}],"version-history":[{"count":1,"href":"https:\/\/visit-meknes.com\/en\/wp-json\/wp\/v2\/posts\/2677\/revisions"}],"predecessor-version":[{"id":2680,"href":"https:\/\/visit-meknes.com\/en\/wp-json\/wp\/v2\/posts\/2677\/revisions\/2680"}],"wp:featuredmedia":[{"embeddable":true,"href":"https:\/\/visit-meknes.com\/en\/wp-json\/wp\/v2\/media\/2679"}],"wp:attachment":[{"href":"https:\/\/visit-meknes.com\/en\/wp-json\/wp\/v2\/media?parent=2677"}],"wp:term":[{"taxonomy":"category","embeddable":true,"href":"https:\/\/visit-meknes.com\/en\/wp-json\/wp\/v2\/categories?post=2677"},{"taxonomy":"post_tag","embeddable":true,"href":"https:\/\/visit-meknes.com\/en\/wp-json\/wp\/v2\/tags?post=2677"}],"curies":[{"name":"wp","href":"https:\/\/api.w.org\/{rel}","templated":true}]}}