{"id":2670,"date":"2018-01-21T21:51:56","date_gmt":"2018-01-21T21:51:56","guid":{"rendered":"http:\/\/visit-meknes.com\/?p=2670"},"modified":"2018-01-21T21:51:56","modified_gmt":"2018-01-21T21:51:56","slug":"le-festival-international-de-cinema-danimation-de-meknes-se-prepare","status":"publish","type":"post","link":"https:\/\/visit-meknes.com\/en\/le-festival-international-de-cinema-danimation-de-meknes-se-prepare\/","title":{"rendered":"Le Festival International de Cin\u00e9ma d\u2019Animation de Mekn\u00e8s se pr\u00e9pare"},"content":{"rendered":"<p>Organis\u00e9e par la Fondation A\u00efcha en partenariat avec l\u2019Institut fran\u00e7ais de Mekn\u00e8s qui en assure la direction artistique, la 17\u00e8me \u00e9dition du FICAM (Festival International de Cin\u00e9ma d\u2019Animation de Mekn\u00e8s) sera c\u00e9l\u00e9br\u00e9e du vendredi 16 au mercredi 21 mars 2018.<\/p>\n<p>Apr\u00e8s le succ\u00e8s incontestable des \u00e9ditions pr\u00e9c\u00e9dentes, le FICAM revient cette ann\u00e9e avec une s\u00e9lection vari\u00e9e, riche et festive de films d\u2019animation, d\u00e9nich\u00e9s dans les tr\u00e9sors cach\u00e9s du patrimoine et de la cr\u00e9ation contemporaine.<\/p>\n<p>\u00c0 travers le FICAM, la Fondation A\u00efcha poursuit son accompagnement des passionn\u00e9s de cin\u00e9ma d\u2019animation et offre une merveilleuse occasion de faire rayonner l\u2019animation dans toute sa diversit\u00e9 au c\u0153ur de la cit\u00e9 Isma\u00eflienne Mekn\u00e8s. Ce festival vise aussi \u00e0 promouvoir des films et des artistes du monde entier aupr\u00e8s d\u2019un public passionn\u00e9 et curieux en nourrissant de grandes ambitions pour l\u2019animation en tant que forme d\u2019art cin\u00e9matographique. Le FICAM est ainsi le porte-parole des r\u00e9alisateurs qui repoussent leurs limites dans l\u2019exploitation de \u00a0l\u2019art de l\u2019animation.<\/p>\n<p>Le 12 Janvier marque la fin du d\u00e9lai de candidature pour la participation aux Courts Comp\u00e9t\u2019 des meilleurs courts-m\u00e9trages d\u2019animation internationale. Le nombre sans cesse grandissant de candidats \u00e0 cette comp\u00e9tition r\u00e9v\u00e8le l\u2019importance du FICAM au niveau international et sa place pr\u00e9pond\u00e9rante dans l\u2019univers du cin\u00e9ma d\u2019animation. Ainsi, cette ann\u00e9e, le FICAM a re\u00e7u plus de 200 candidatures en provenance de plus de 24 pays.<\/p>\n<p>Le FICAM d\u00e9voile ainsi les noms des membres du jury de pr\u00e9s\u00e9lection de l\u2019\u00e9dition Courts Comp\u00e9t\u2019 2018. Il s\u2019agit de Ghita Zine, \u00a0journaliste marocaine et pr\u00e9sidente de l\u2019Association des rencontres m\u00e9diterran\u00e9ennes du cin\u00e9ma et des droits de l\u2019Homme (ARMCDH), Olesya Shchukina, artiste russe en illustration et cin\u00e9ma d\u2019animation et laur\u00e9ate de l\u2019\u00e9cole La Poudri\u00e8re en France, qui vit et travaille \u00e0 Paris, et enfin, Marie-Pauline Mollaret, journaliste et critique de films qui fait notamment partie du comit\u00e9 de s\u00e9lection des courts m\u00e9trages pour la Semaine de la Critique \u00e0 Cannes.<\/p>\n","protected":false},"excerpt":{"rendered":"<p>Organis\u00e9e par la Fondation A\u00efcha en partenariat avec l\u2019Institut fran\u00e7ais de Mekn\u00e8s qui en assure la direction artistique, la 17\u00e8me \u00e9dition du FICAM (Festival International de Cin\u00e9ma d\u2019Animation de Mekn\u00e8s) sera c\u00e9l\u00e9br\u00e9e du vendredi 16 au mercredi 21 mars 2018. Apr\u00e8s le succ\u00e8s incontestable des \u00e9ditions pr\u00e9c\u00e9dentes, le FICAM revient cette ann\u00e9e avec une s\u00e9lection<\/p>\n","protected":false},"author":1,"featured_media":2671,"comment_status":"open","ping_status":"open","sticky":false,"template":"","format":"standard","meta":{"footnotes":""},"categories":[6],"tags":[],"_links":{"self":[{"href":"https:\/\/visit-meknes.com\/en\/wp-json\/wp\/v2\/posts\/2670"}],"collection":[{"href":"https:\/\/visit-meknes.com\/en\/wp-json\/wp\/v2\/posts"}],"about":[{"href":"https:\/\/visit-meknes.com\/en\/wp-json\/wp\/v2\/types\/post"}],"author":[{"embeddable":true,"href":"https:\/\/visit-meknes.com\/en\/wp-json\/wp\/v2\/users\/1"}],"replies":[{"embeddable":true,"href":"https:\/\/visit-meknes.com\/en\/wp-json\/wp\/v2\/comments?post=2670"}],"version-history":[{"count":1,"href":"https:\/\/visit-meknes.com\/en\/wp-json\/wp\/v2\/posts\/2670\/revisions"}],"predecessor-version":[{"id":2672,"href":"https:\/\/visit-meknes.com\/en\/wp-json\/wp\/v2\/posts\/2670\/revisions\/2672"}],"wp:featuredmedia":[{"embeddable":true,"href":"https:\/\/visit-meknes.com\/en\/wp-json\/wp\/v2\/media\/2671"}],"wp:attachment":[{"href":"https:\/\/visit-meknes.com\/en\/wp-json\/wp\/v2\/media?parent=2670"}],"wp:term":[{"taxonomy":"category","embeddable":true,"href":"https:\/\/visit-meknes.com\/en\/wp-json\/wp\/v2\/categories?post=2670"},{"taxonomy":"post_tag","embeddable":true,"href":"https:\/\/visit-meknes.com\/en\/wp-json\/wp\/v2\/tags?post=2670"}],"curies":[{"name":"wp","href":"https:\/\/api.w.org\/{rel}","templated":true}]}}