{"id":2663,"date":"2018-01-13T14:28:48","date_gmt":"2018-01-13T14:28:48","guid":{"rendered":"http:\/\/visit-meknes.com\/?p=2663"},"modified":"2018-01-13T14:28:48","modified_gmt":"2018-01-13T14:28:48","slug":"festival-de-larchitecture-du-15-au-19-janvier-a-fes-taza-et-meknes","status":"publish","type":"post","link":"https:\/\/visit-meknes.com\/en\/festival-de-larchitecture-du-15-au-19-janvier-a-fes-taza-et-meknes\/","title":{"rendered":"Festival de l\u2019architecture, du 15 au 19 janvier \u00e0 F\u00e8s, Taza et Mekn\u00e8s"},"content":{"rendered":"<p>La 32\u00e8me Journ\u00e9e nationale de l\u2019architecte sera c\u00e9l\u00e9br\u00e9e ce weekend \u00e0 F\u00e8s, autour de la th\u00e9matique \u2018\u2019L\u2019architecture au service du citoyen\u2019\u2019. Initi\u00e9e par le minist\u00e8re de l\u2019Am\u00e9nagement du territoire national, de l\u2019Urbanisme, de l\u2019Habitat et de la Politique de la ville et l\u2019Ordre national des architectes, cette rencontre se tient en comm\u00e9moration du 32\u00e8me anniversaire du discours prononc\u00e9 le 14 janvier 1986 par Feu SM Hassan II devant le corps des architectes et du 12\u00e8me anniversaire de la Lettre Royale adress\u00e9e par SM le Roi Mohammed VI aux architectes le 18 janvier 2006.<\/p>\n<p>Cette journ\u00e9e sera suivie par l\u2019organisation de la 2\u00e8me \u00e9dition du Festival de l\u2019architecture, qui aura lieu du 15 au 19 janvier \u00e0 F\u00e8s, Taza et Mekn\u00e8s.<\/p>\n<p>Selon le minist\u00e8re, cet \u00e9v\u00e8nement constitue l\u2019occasion de c\u00e9l\u00e9brer l\u2019architecture et l\u2019architecte et offre un espace de d\u00e9bat et de partage autour des th\u00e9matiques qui ont trait \u00e0 l\u2019architecture au Maroc, qui conna\u00eet aujourd\u2019hui un \u2018\u2019tournant historique\u2019\u2019, eu \u00e9gard aux nouvelles lois et aux d\u00e9crets relatifs \u00e0 l\u2019exercice de la profession.<\/p>\n<p>Cette comm\u00e9moration constituera aussi une occasion de partage et d\u2019\u00e9change autour de questions de sauvegarde et de r\u00e9habilitation du patrimoine architectural national, des d\u00e9fis de la durabilit\u00e9 dans la production architecturale marocaine et du r\u00f4le citoyen de l\u2019architecte.<\/p>\n<p>A ce titre, une s\u00e9rie de conf\u00e9rences, d\u2019expositions et d\u2019ateliers de r\u00e9flexion sont au programme, avec la participation de partenaires institutionnels, de professionnels, d\u2019invit\u00e9s internationaux et d\u2019acteurs de la soci\u00e9t\u00e9 civile, dans le but de sensibiliser l\u2019ensemble des participants sur les r\u00e9alit\u00e9s de l\u2019exercice de la profession d\u2019architecte et des perspectives qui s\u2019offrent pour le devenir de l\u2019architecture au Maroc.<\/p>\n<p>D\u00e8s ce samedi, la cit\u00e9 idrisside verra l\u2019organisation d\u2019une s\u00e9rie d\u2019activit\u00e9s, dont le lancement des travaux de revalorisation d\u2019une ruelle \u00e0 \u2018\u2019Hay Zaza\u2019\u2019 et de mise \u00e0 niveau paysag\u00e8re d\u2019une partie de \u2018\u2019la place de la r\u00e9sistance\u2019\u2019, l\u2019inauguration des travaux d\u2019un pont m\u00e9tallique \u00e0 tannerie \u2018\u2019Chouara\u2019\u2019 et la mise en lumi\u00e8re d\u2019une porte urbaine \u00e0 \u2018\u2019Bab Boujloud\u2019\u2019.<\/p>\n<p>La journ\u00e9e du dimanche sera marqu\u00e9e par des conf\u00e9rences et d\u00e9bats anim\u00e9s par des architectes marocains et \u00e9trangers de renom, ainsi que des s\u00e9ances d\u2019hommage et des signatures de conventions.<\/p>\n<p>Au menu de la 2\u00e8me \u00e9dition du Festival de l\u2019architecture, les villes de F\u00e8s, Taza et Mekn\u00e8s verront l\u2019organisation d\u2019expositions, d\u2019ateliers de dessins, de conf\u00e9rences et de visites guid\u00e9es aux sites patrimoniaux des anciennes m\u00e9dinas.<\/p>\n<p><strong>libe.ma<\/strong><\/p>\n","protected":false},"excerpt":{"rendered":"<p>La 32\u00e8me Journ\u00e9e nationale de l\u2019architecte sera c\u00e9l\u00e9br\u00e9e ce weekend \u00e0 F\u00e8s, autour de la th\u00e9matique \u2018\u2019L\u2019architecture au service du citoyen\u2019\u2019. Initi\u00e9e par le minist\u00e8re de l\u2019Am\u00e9nagement du territoire national, de l\u2019Urbanisme, de l\u2019Habitat et de la Politique de la ville et l\u2019Ordre national des architectes, cette rencontre se tient en comm\u00e9moration du 32\u00e8me anniversaire<\/p>\n","protected":false},"author":1,"featured_media":2664,"comment_status":"open","ping_status":"open","sticky":false,"template":"","format":"standard","meta":{"footnotes":""},"categories":[70,6],"tags":[],"_links":{"self":[{"href":"https:\/\/visit-meknes.com\/en\/wp-json\/wp\/v2\/posts\/2663"}],"collection":[{"href":"https:\/\/visit-meknes.com\/en\/wp-json\/wp\/v2\/posts"}],"about":[{"href":"https:\/\/visit-meknes.com\/en\/wp-json\/wp\/v2\/types\/post"}],"author":[{"embeddable":true,"href":"https:\/\/visit-meknes.com\/en\/wp-json\/wp\/v2\/users\/1"}],"replies":[{"embeddable":true,"href":"https:\/\/visit-meknes.com\/en\/wp-json\/wp\/v2\/comments?post=2663"}],"version-history":[{"count":1,"href":"https:\/\/visit-meknes.com\/en\/wp-json\/wp\/v2\/posts\/2663\/revisions"}],"predecessor-version":[{"id":2665,"href":"https:\/\/visit-meknes.com\/en\/wp-json\/wp\/v2\/posts\/2663\/revisions\/2665"}],"wp:featuredmedia":[{"embeddable":true,"href":"https:\/\/visit-meknes.com\/en\/wp-json\/wp\/v2\/media\/2664"}],"wp:attachment":[{"href":"https:\/\/visit-meknes.com\/en\/wp-json\/wp\/v2\/media?parent=2663"}],"wp:term":[{"taxonomy":"category","embeddable":true,"href":"https:\/\/visit-meknes.com\/en\/wp-json\/wp\/v2\/categories?post=2663"},{"taxonomy":"post_tag","embeddable":true,"href":"https:\/\/visit-meknes.com\/en\/wp-json\/wp\/v2\/tags?post=2663"}],"curies":[{"name":"wp","href":"https:\/\/api.w.org\/{rel}","templated":true}]}}