{"id":2660,"date":"2018-01-13T00:59:52","date_gmt":"2018-01-13T00:59:52","guid":{"rendered":"http:\/\/visit-meknes.com\/?p=2660"},"modified":"2018-01-13T00:59:52","modified_gmt":"2018-01-13T00:59:52","slug":"idir-fete-le-nouvel-an-amazigh-a-meknes","status":"publish","type":"post","link":"https:\/\/visit-meknes.com\/en\/idir-fete-le-nouvel-an-amazigh-a-meknes\/","title":{"rendered":"IDIR F\u00caTE LE NOUVEL AN AMAZIGH \u00c0 MEKN\u00c8S"},"content":{"rendered":"<p>Le chanteur alg\u00e9rien Idir est attendu au Maroc. L&#8217;artiste est invit\u00e9 \u00e0 donner un concert dans le cadre de la cinqui\u00e8me \u00e9dition du Festival international du Nouvel An amazigh pr\u00e9vu du 26 au 28 janvier \u00e0 Mekn\u00e8s.<\/p>\n<p>Le chanteur alg\u00e9rien Idir sera en concert le 27 janvier \u00e0 Mekn\u00e8s. L\u2019artiste participe \u00e0 la cinqui\u00e8me \u00e9dition du Festival du Nouvel An amazigh pr\u00e9vu du 26 au 28 janvier. L\u2019\u00e9v\u00e9nement organis\u00e9 par le Centre de la m\u00e9moire commune, fondateur du Festival international du cin\u00e9ma de Nador, se tient cette ann\u00e9e sur le th\u00e8me \u00abDialogue des cultures et les questions identitaires\u00bb.<\/p>\n<p>Le concert d\u2019Idir \u00e0 Mekn\u00e8s aura lieu juste apr\u00e8s la tourn\u00e9e de l&#8217;artiste en Alg\u00e9rie qui a d\u00e9marr\u00e9 le 4 janvier. Le chanteur \u00e9tait rest\u00e9 absent de son pays pendant quarante ans. Le dernier concert d\u2019Idir en Alg\u00e9rie remonte \u00e0 1979.<\/p>\n<p>Pour son spectacle au Maroc, Idir interpr\u00e9tera ses plus grands succ\u00e8s, mais aussi quelques chansons de son nouvel album\u00a0D\u2019ici et d\u2019ailleurs,\u00a0sorti en 2017.<\/p>\n<div style=\"position: relative; height: 0; padding-bottom: 54.51%;\"><iframe loading=\"lazy\" style=\"position: absolute; width: 100%; height: 100%; left: 0;\" src=\"https:\/\/www.youtube.com\/embed\/IWZDZ1AHkAg?ecver=2\" width=\"660\" height=\"360\" frameborder=\"0\" allowfullscreen=\"allowfullscreen\"><\/iframe><\/div>\n","protected":false},"excerpt":{"rendered":"<p>Le chanteur alg\u00e9rien Idir est attendu au Maroc. L&#8217;artiste est invit\u00e9 \u00e0 donner un concert dans le cadre de la cinqui\u00e8me \u00e9dition du Festival international du Nouvel An amazigh pr\u00e9vu du 26 au 28 janvier \u00e0 Mekn\u00e8s. Le chanteur alg\u00e9rien Idir sera en concert le 27 janvier \u00e0 Mekn\u00e8s. L\u2019artiste participe \u00e0 la cinqui\u00e8me \u00e9dition<\/p>\n","protected":false},"author":1,"featured_media":2661,"comment_status":"open","ping_status":"open","sticky":false,"template":"","format":"standard","meta":{"footnotes":""},"categories":[70],"tags":[],"_links":{"self":[{"href":"https:\/\/visit-meknes.com\/en\/wp-json\/wp\/v2\/posts\/2660"}],"collection":[{"href":"https:\/\/visit-meknes.com\/en\/wp-json\/wp\/v2\/posts"}],"about":[{"href":"https:\/\/visit-meknes.com\/en\/wp-json\/wp\/v2\/types\/post"}],"author":[{"embeddable":true,"href":"https:\/\/visit-meknes.com\/en\/wp-json\/wp\/v2\/users\/1"}],"replies":[{"embeddable":true,"href":"https:\/\/visit-meknes.com\/en\/wp-json\/wp\/v2\/comments?post=2660"}],"version-history":[{"count":1,"href":"https:\/\/visit-meknes.com\/en\/wp-json\/wp\/v2\/posts\/2660\/revisions"}],"predecessor-version":[{"id":2662,"href":"https:\/\/visit-meknes.com\/en\/wp-json\/wp\/v2\/posts\/2660\/revisions\/2662"}],"wp:featuredmedia":[{"embeddable":true,"href":"https:\/\/visit-meknes.com\/en\/wp-json\/wp\/v2\/media\/2661"}],"wp:attachment":[{"href":"https:\/\/visit-meknes.com\/en\/wp-json\/wp\/v2\/media?parent=2660"}],"wp:term":[{"taxonomy":"category","embeddable":true,"href":"https:\/\/visit-meknes.com\/en\/wp-json\/wp\/v2\/categories?post=2660"},{"taxonomy":"post_tag","embeddable":true,"href":"https:\/\/visit-meknes.com\/en\/wp-json\/wp\/v2\/tags?post=2660"}],"curies":[{"name":"wp","href":"https:\/\/api.w.org\/{rel}","templated":true}]}}