{"id":2642,"date":"2017-12-11T21:20:27","date_gmt":"2017-12-11T21:20:27","guid":{"rendered":"http:\/\/visit-meknes.com\/?p=2642"},"modified":"2017-12-11T21:20:27","modified_gmt":"2017-12-11T21:20:27","slug":"le-5e-festival-du-nouvel-an-amazigh-2968-a-meknes","status":"publish","type":"post","link":"https:\/\/visit-meknes.com\/en\/le-5e-festival-du-nouvel-an-amazigh-2968-a-meknes\/","title":{"rendered":"Le 5e Festival du Nouvel An amazigh (2968) \u00e0 Mekn\u00e8s"},"content":{"rendered":"<p><strong>La 5e \u00e9dition du Festival du Nouvel An amazigh (2968) se d\u00e9roulera du 26 au 28 janvier prochain \u00e0 Mekn\u00e8s, sous le th\u00e8me \u00abLe dialogue des cultures et la question de l\u2019identit\u00e9\u00bb.<\/strong><\/p>\n<p>Initi\u00e9e par le Centre de la m\u00e9moire commune pour la d\u00e9mocratie et la paix, cette manifestation vise \u00e0 renforcer les coutumes culturelles li\u00e9es \u00e0 la c\u00e9l\u00e9bration du Nouvel An amazigh et de d\u00e9battre des questions relatives \u00e0 l\u2019identit\u00e9 et \u00e0 la m\u00e9moire commune.\u00a0\u00a0Au menu de ce festival, des soir\u00e9es musicales d\u00e9di\u00e9es \u00e0 la c\u00e9l\u00e9bration des valeurs de la cohabitation, de la justice sociale et de la solidarit\u00e9 et du respect de la diff\u00e9rence.<\/p>\n","protected":false},"excerpt":{"rendered":"<p>La 5e \u00e9dition du Festival du Nouvel An amazigh (2968) se d\u00e9roulera du 26 au 28 janvier prochain \u00e0 Mekn\u00e8s, sous le th\u00e8me \u00abLe dialogue des cultures et la question de l\u2019identit\u00e9\u00bb. Initi\u00e9e par le Centre de la m\u00e9moire commune pour la d\u00e9mocratie et la paix, cette manifestation vise \u00e0 renforcer les coutumes culturelles li\u00e9es<\/p>\n","protected":false},"author":1,"featured_media":2643,"comment_status":"open","ping_status":"open","sticky":false,"template":"","format":"standard","meta":{"footnotes":""},"categories":[70,6],"tags":[],"_links":{"self":[{"href":"https:\/\/visit-meknes.com\/en\/wp-json\/wp\/v2\/posts\/2642"}],"collection":[{"href":"https:\/\/visit-meknes.com\/en\/wp-json\/wp\/v2\/posts"}],"about":[{"href":"https:\/\/visit-meknes.com\/en\/wp-json\/wp\/v2\/types\/post"}],"author":[{"embeddable":true,"href":"https:\/\/visit-meknes.com\/en\/wp-json\/wp\/v2\/users\/1"}],"replies":[{"embeddable":true,"href":"https:\/\/visit-meknes.com\/en\/wp-json\/wp\/v2\/comments?post=2642"}],"version-history":[{"count":1,"href":"https:\/\/visit-meknes.com\/en\/wp-json\/wp\/v2\/posts\/2642\/revisions"}],"predecessor-version":[{"id":2644,"href":"https:\/\/visit-meknes.com\/en\/wp-json\/wp\/v2\/posts\/2642\/revisions\/2644"}],"wp:featuredmedia":[{"embeddable":true,"href":"https:\/\/visit-meknes.com\/en\/wp-json\/wp\/v2\/media\/2643"}],"wp:attachment":[{"href":"https:\/\/visit-meknes.com\/en\/wp-json\/wp\/v2\/media?parent=2642"}],"wp:term":[{"taxonomy":"category","embeddable":true,"href":"https:\/\/visit-meknes.com\/en\/wp-json\/wp\/v2\/categories?post=2642"},{"taxonomy":"post_tag","embeddable":true,"href":"https:\/\/visit-meknes.com\/en\/wp-json\/wp\/v2\/tags?post=2642"}],"curies":[{"name":"wp","href":"https:\/\/api.w.org\/{rel}","templated":true}]}}