{"id":2620,"date":"2017-11-08T23:21:12","date_gmt":"2017-11-08T23:21:12","guid":{"rendered":"http:\/\/visit-meknes.com\/?p=2620"},"modified":"2017-11-08T23:22:05","modified_gmt":"2017-11-08T23:22:05","slug":"debat-a-meknes-sur-la-relation-entre-cinema-et-litterature","status":"publish","type":"post","link":"https:\/\/visit-meknes.com\/en\/debat-a-meknes-sur-la-relation-entre-cinema-et-litterature\/","title":{"rendered":"D\u00e9bat \u00e0 Mekn\u00e8s sur la relation entre cin\u00e9ma et litt\u00e9rature"},"content":{"rendered":"<p>Une table-ronde sur la relation entre cin\u00e9ma et litt\u00e9rature aura lieu le 21 novembre \u00e0 Mekn\u00e8s, avec la participation de r\u00e9alisateurs, critiques et universitaires.<\/p>\n<p>Initi\u00e9 par l\u2019Institut fran\u00e7ais de Mekn\u00e8s, le d\u00e9bat partira d\u2019une question pos\u00e9e par le c\u00e9l\u00e8bre cin\u00e9aste franco-suisse Jean-Luc Godard : \u2018\u2019\u00c0 quoi sert le cin\u00e9ma, s\u2019il vient apr\u00e8s la litt\u00e9rature ?\u2019\u2019.<\/p>\n<p>\u2018\u2019Cette question pos\u00e9e, non sans un brin de provocation, montre bien que l\u2019art cin\u00e9matographique n\u2019a pas pour vocation d\u2019\u00eatre simplement au service de la litt\u00e9rature\u2019\u2019, selon les organisateurs. Les participants d\u00e9battront de ces deux formes d\u2019expression artistique qui ont toujours entretenu des relations \u00e9troites. Ils tenteront d\u2019expliquer, entre autres, comment l\u2019adaptation de certaines \u0153uvres litt\u00e9raires a parfois eu plus de succ\u00e8s que ces \u0153uvres elles-m\u00eames.<\/p>\n<p>Pour en discuter, l\u2019Institut a invit\u00e9 le r\u00e9alisateur et sc\u00e9nariste Mohamed Abderrahman Tazi et le romancier et peintre-plasticien, Mahi Binebine, qui devront permettre au public de mieux saisir le lien entre les cr\u00e9ations par la cam\u00e9ra et la langue. Sera pr\u00e9sent \u00e0 cette rencontre le critique litt\u00e9raire et professeur \u00e0 l\u2019Universit\u00e9 Moulay Ismail de Mekn\u00e8s, Khalid Zekri.<\/p>\n","protected":false},"excerpt":{"rendered":"<p>Une table-ronde sur la relation entre cin\u00e9ma et litt\u00e9rature aura lieu le 21 novembre \u00e0 Mekn\u00e8s, avec la participation de r\u00e9alisateurs, critiques et universitaires. Initi\u00e9 par l\u2019Institut fran\u00e7ais de Mekn\u00e8s, le d\u00e9bat partira d\u2019une question pos\u00e9e par le c\u00e9l\u00e8bre cin\u00e9aste franco-suisse Jean-Luc Godard : \u2018\u2019\u00c0 quoi sert le cin\u00e9ma, s\u2019il vient apr\u00e8s la litt\u00e9rature ?\u2019\u2019.<\/p>\n","protected":false},"author":1,"featured_media":2621,"comment_status":"open","ping_status":"open","sticky":false,"template":"","format":"standard","meta":{"footnotes":""},"categories":[6],"tags":[],"_links":{"self":[{"href":"https:\/\/visit-meknes.com\/en\/wp-json\/wp\/v2\/posts\/2620"}],"collection":[{"href":"https:\/\/visit-meknes.com\/en\/wp-json\/wp\/v2\/posts"}],"about":[{"href":"https:\/\/visit-meknes.com\/en\/wp-json\/wp\/v2\/types\/post"}],"author":[{"embeddable":true,"href":"https:\/\/visit-meknes.com\/en\/wp-json\/wp\/v2\/users\/1"}],"replies":[{"embeddable":true,"href":"https:\/\/visit-meknes.com\/en\/wp-json\/wp\/v2\/comments?post=2620"}],"version-history":[{"count":2,"href":"https:\/\/visit-meknes.com\/en\/wp-json\/wp\/v2\/posts\/2620\/revisions"}],"predecessor-version":[{"id":2623,"href":"https:\/\/visit-meknes.com\/en\/wp-json\/wp\/v2\/posts\/2620\/revisions\/2623"}],"wp:featuredmedia":[{"embeddable":true,"href":"https:\/\/visit-meknes.com\/en\/wp-json\/wp\/v2\/media\/2621"}],"wp:attachment":[{"href":"https:\/\/visit-meknes.com\/en\/wp-json\/wp\/v2\/media?parent=2620"}],"wp:term":[{"taxonomy":"category","embeddable":true,"href":"https:\/\/visit-meknes.com\/en\/wp-json\/wp\/v2\/categories?post=2620"},{"taxonomy":"post_tag","embeddable":true,"href":"https:\/\/visit-meknes.com\/en\/wp-json\/wp\/v2\/tags?post=2620"}],"curies":[{"name":"wp","href":"https:\/\/api.w.org\/{rel}","templated":true}]}}