{"id":2591,"date":"2017-10-11T18:51:04","date_gmt":"2017-10-11T18:51:04","guid":{"rendered":"http:\/\/visit-meknes.com\/?p=2591"},"modified":"2017-10-11T18:51:04","modified_gmt":"2017-10-11T18:51:04","slug":"meknes-plus-de-10-000-visiteurs-au-2e-salon-national-du-bois","status":"publish","type":"post","link":"https:\/\/visit-meknes.com\/en\/meknes-plus-de-10-000-visiteurs-au-2e-salon-national-du-bois\/","title":{"rendered":"Mekn\u00e8s : Plus de 10.000 visiteurs au 2\u00e8 Salon national du bois"},"content":{"rendered":"<p>La 2\u00e8me \u00e9dition du Salon national du bois de Mekn\u00e8s, qui a ferm\u00e9 ses portes dimanche, a accueilli plus de 10.000 visiteurs de diff\u00e9rentes r\u00e9gions du Royaume, a indiqu\u00e9 le pr\u00e9sident de la Chambre de l\u2019artisanat de la r\u00e9gion de F\u00e8s-Mekn\u00e8s, Abdelmalek El Bouteyine.<\/p>\n<p>Les 120 exposants qui ont particip\u00e9 \u00e0 cette \u00e9dition, organis\u00e9e du 29 septembre au 8 octobre, ont r\u00e9alis\u00e9 un volume important de ventes dans toutes les cat\u00e9gories, a d\u00e9clar\u00e9 \u00e0 la MAP M. El Bouteyine. Les chiffres enregistr\u00e9s refl\u00e8tent, selon lui, le succ\u00e8s de cette manifestation qui a permis aux participants d\u2019exposer la dimension esth\u00e9tique diversifi\u00e9e et in\u00e9gal\u00e9e de l\u2019artisanat marocain et ses multiples facettes aussi bien dans la fabrication des \u0153uvres artistiques que des d\u00e9cors et des meubles. De son c\u00f4t\u00e9, le d\u00e9l\u00e9gu\u00e9 du Salon national du bois, Mohamed Zghari, a soulign\u00e9 que cet \u00e9v\u00e8nement a \u00e9t\u00e9 une occasion de mettre en lumi\u00e8re la dext\u00e9rit\u00e9 et le g\u00e9nie cr\u00e9atif des artisans marocains qui \u0153uvrent \u00e0 la sauvegarde de ce pan du patrimoine national. Cette \u00e9dition a \u00e9galement permis de mettre en valeur les m\u00e9tiers du bois et de promouvoir l\u2019authenticit\u00e9 et la qualit\u00e9 des produits artisanaux, a-t-il ajout\u00e9.<\/p>\n<p>D\u2019une superficie globale de 5.600 m2, le salon a vu la participation d\u2019entreprises, de coop\u00e9ratives et d\u2019op\u00e9rateurs sp\u00e9cialis\u00e9s dans le mat\u00e9riel technique du bois. \u00c9tal\u00e9 sur cinq espaces, en l\u2019occurrence l\u2019espace p\u00e9dagogie, culturel et scientifique, un espace commercial, un espace enfants et un autre de stockage, le salon a \u00e9t\u00e9 marqu\u00e9 par l\u2019organisation de rencontres sur le secteur et ses composantes, des d\u00e9monstrations de fabrication, ainsi que de sessions de formation au profit des artisans.<\/p>\n<p><strong>aujourdhui.ma<\/strong><\/p>\n","protected":false},"excerpt":{"rendered":"<p>La 2\u00e8me \u00e9dition du Salon national du bois de Mekn\u00e8s, qui a ferm\u00e9 ses portes dimanche, a accueilli plus de 10.000 visiteurs de diff\u00e9rentes r\u00e9gions du Royaume, a indiqu\u00e9 le pr\u00e9sident de la Chambre de l\u2019artisanat de la r\u00e9gion de F\u00e8s-Mekn\u00e8s, Abdelmalek El Bouteyine. Les 120 exposants qui ont particip\u00e9 \u00e0 cette \u00e9dition, organis\u00e9e du<\/p>\n","protected":false},"author":1,"featured_media":2566,"comment_status":"open","ping_status":"open","sticky":false,"template":"","format":"standard","meta":{"footnotes":""},"categories":[6],"tags":[],"_links":{"self":[{"href":"https:\/\/visit-meknes.com\/en\/wp-json\/wp\/v2\/posts\/2591"}],"collection":[{"href":"https:\/\/visit-meknes.com\/en\/wp-json\/wp\/v2\/posts"}],"about":[{"href":"https:\/\/visit-meknes.com\/en\/wp-json\/wp\/v2\/types\/post"}],"author":[{"embeddable":true,"href":"https:\/\/visit-meknes.com\/en\/wp-json\/wp\/v2\/users\/1"}],"replies":[{"embeddable":true,"href":"https:\/\/visit-meknes.com\/en\/wp-json\/wp\/v2\/comments?post=2591"}],"version-history":[{"count":1,"href":"https:\/\/visit-meknes.com\/en\/wp-json\/wp\/v2\/posts\/2591\/revisions"}],"predecessor-version":[{"id":2592,"href":"https:\/\/visit-meknes.com\/en\/wp-json\/wp\/v2\/posts\/2591\/revisions\/2592"}],"wp:featuredmedia":[{"embeddable":true,"href":"https:\/\/visit-meknes.com\/en\/wp-json\/wp\/v2\/media\/2566"}],"wp:attachment":[{"href":"https:\/\/visit-meknes.com\/en\/wp-json\/wp\/v2\/media?parent=2591"}],"wp:term":[{"taxonomy":"category","embeddable":true,"href":"https:\/\/visit-meknes.com\/en\/wp-json\/wp\/v2\/categories?post=2591"},{"taxonomy":"post_tag","embeddable":true,"href":"https:\/\/visit-meknes.com\/en\/wp-json\/wp\/v2\/tags?post=2591"}],"curies":[{"name":"wp","href":"https:\/\/api.w.org\/{rel}","templated":true}]}}