{"id":2565,"date":"2017-09-14T20:40:44","date_gmt":"2017-09-14T20:40:44","guid":{"rendered":"http:\/\/visit-meknes.com\/?p=2565"},"modified":"2017-09-14T20:40:44","modified_gmt":"2017-09-14T20:40:44","slug":"le-2e-salon-national-dartisanat-du-bois-du-29-septembre-au-8-octobre-a-meknes","status":"publish","type":"post","link":"https:\/\/visit-meknes.com\/en\/le-2e-salon-national-dartisanat-du-bois-du-29-septembre-au-8-octobre-a-meknes\/","title":{"rendered":"Le 2\u00e8 Salon national d\u2019artisanat du bois du 29 septembre au 8 octobre \u00e0 Mekn\u00e8s"},"content":{"rendered":"<p>La 2\u00e8me \u00e9dition du Salon national d\u2019artisanat du bois aura lieu du 29 septembre au 8 octobre prochain \u00e0 Mekn\u00e8s, \u00e0 l\u2019initiative de la Chambre d\u2019artisanat de la r\u00e9gion de F\u00e8s-Mekn\u00e8s.<\/p>\n<p>Initi\u00e9 sous le th\u00e8me \u00ables arts du bois: authenticit\u00e9, cr\u00e9ativit\u00e9 et patrimoine\u00bb, ce salon se pr\u00e9sente comme une tribune de valorisation des cr\u00e9ations des artisans des quatre grands m\u00e9tiers de l\u2019industrie du bois, \u00e0 savoir le bois du d\u00e9cor, le bois de menuiserie destin\u00e9 aux constructions, le bois d\u2019ameublement et les m\u00e9tiers du bois li\u00e9s aux cadeaux. Organis\u00e9e en partenariat notamment avec la Maison de l\u2019artisan, la commune urbaine de Mekn\u00e8s et le Conseil de la r\u00e9gion de F\u00e8s-Mekn\u00e8s, la rencontre constitue \u00e9galement une plate-forme d\u2019\u00e9change des exp\u00e9riences et des connaissances entre les professionnels du secteur.<\/p>\n<p>Destin\u00e9 \u00e0 promouvoir et d\u00e9velopper l\u2019industrie du bois \u00e0 travers la mise en valeur de ses m\u00e9tiers parmi le grand public et dynamiser les activit\u00e9s du secteur, ce salon s\u2019\u00e9tale sur cinq espaces dont l\u2019espace p\u00e9dagogie, culturel et scientifique, un espace commercial, un espace- enfants et un autre de stockage. Ce Salon, qui s\u2019\u00e9tend sur une superficie globale de 5.600 m2 \u00e0 Sahrij Swani \u00e0 Mekn\u00e8s, verra la participation de plus de 120 exposants dont des entreprises, des coop\u00e9ratives et des op\u00e9rateurs sp\u00e9cialis\u00e9s dans le mat\u00e9riel technique du bois. Le Salon national d\u2019artisanat du bois pr\u00e9voit aussi des activit\u00e9s parall\u00e8les, dont des conf\u00e9rences th\u00e9matiques, des rencontres sur le secteur et ses composantes, des d\u00e9monstrations de fabrication, ainsi que des sessions de formation au profit des artisans.<\/p>\n<p><strong>Aujourdhui.ma<\/strong><\/p>\n","protected":false},"excerpt":{"rendered":"<p>La 2\u00e8me \u00e9dition du Salon national d\u2019artisanat du bois aura lieu du 29 septembre au 8 octobre prochain \u00e0 Mekn\u00e8s, \u00e0 l\u2019initiative de la Chambre d\u2019artisanat de la r\u00e9gion de F\u00e8s-Mekn\u00e8s. Initi\u00e9 sous le th\u00e8me \u00ables arts du bois: authenticit\u00e9, cr\u00e9ativit\u00e9 et patrimoine\u00bb, ce salon se pr\u00e9sente comme une tribune de valorisation des cr\u00e9ations des<\/p>\n","protected":false},"author":1,"featured_media":2566,"comment_status":"open","ping_status":"open","sticky":false,"template":"","format":"standard","meta":{"footnotes":""},"categories":[70,6],"tags":[],"_links":{"self":[{"href":"https:\/\/visit-meknes.com\/en\/wp-json\/wp\/v2\/posts\/2565"}],"collection":[{"href":"https:\/\/visit-meknes.com\/en\/wp-json\/wp\/v2\/posts"}],"about":[{"href":"https:\/\/visit-meknes.com\/en\/wp-json\/wp\/v2\/types\/post"}],"author":[{"embeddable":true,"href":"https:\/\/visit-meknes.com\/en\/wp-json\/wp\/v2\/users\/1"}],"replies":[{"embeddable":true,"href":"https:\/\/visit-meknes.com\/en\/wp-json\/wp\/v2\/comments?post=2565"}],"version-history":[{"count":1,"href":"https:\/\/visit-meknes.com\/en\/wp-json\/wp\/v2\/posts\/2565\/revisions"}],"predecessor-version":[{"id":2567,"href":"https:\/\/visit-meknes.com\/en\/wp-json\/wp\/v2\/posts\/2565\/revisions\/2567"}],"wp:featuredmedia":[{"embeddable":true,"href":"https:\/\/visit-meknes.com\/en\/wp-json\/wp\/v2\/media\/2566"}],"wp:attachment":[{"href":"https:\/\/visit-meknes.com\/en\/wp-json\/wp\/v2\/media?parent=2565"}],"wp:term":[{"taxonomy":"category","embeddable":true,"href":"https:\/\/visit-meknes.com\/en\/wp-json\/wp\/v2\/categories?post=2565"},{"taxonomy":"post_tag","embeddable":true,"href":"https:\/\/visit-meknes.com\/en\/wp-json\/wp\/v2\/tags?post=2565"}],"curies":[{"name":"wp","href":"https:\/\/api.w.org\/{rel}","templated":true}]}}