{"id":2555,"date":"2017-08-30T22:48:03","date_gmt":"2017-08-30T22:48:03","guid":{"rendered":"http:\/\/visit-meknes.com\/?p=2555"},"modified":"2017-08-30T22:48:03","modified_gmt":"2017-08-30T22:48:03","slug":"2e-forum-international-de-meknes-sur-le-tourisme-les-14-et-15-septembre","status":"publish","type":"post","link":"https:\/\/visit-meknes.com\/en\/2e-forum-international-de-meknes-sur-le-tourisme-les-14-et-15-septembre\/","title":{"rendered":"2\u00e8 Forum international de Mekn\u00e8s sur le tourisme, les 14 et 15 septembre"},"content":{"rendered":"<p>Mekn\u00e8s \u2013 La deuxi\u00e8me \u00e9dition du Forum international de Mekn\u00e8s sur le tourisme aura lieu les 14 et 15 septembre sous le th\u00e8me \u2018\u2019pour un d\u00e9veloppement touristique durable et responsable\u2019\u2019.<\/p>\n<p><strong>mapexpress.ma<\/strong><\/p>\n","protected":false},"excerpt":{"rendered":"<p>Mekn\u00e8s \u2013 La deuxi\u00e8me \u00e9dition du Forum international de Mekn\u00e8s sur le tourisme aura lieu les 14 et 15 septembre sous le th\u00e8me \u2018\u2019pour un d\u00e9veloppement touristique durable et responsable\u2019\u2019. mapexpress.ma<\/p>\n","protected":false},"author":1,"featured_media":2556,"comment_status":"open","ping_status":"open","sticky":false,"template":"","format":"standard","meta":{"footnotes":""},"categories":[70],"tags":[],"_links":{"self":[{"href":"https:\/\/visit-meknes.com\/en\/wp-json\/wp\/v2\/posts\/2555"}],"collection":[{"href":"https:\/\/visit-meknes.com\/en\/wp-json\/wp\/v2\/posts"}],"about":[{"href":"https:\/\/visit-meknes.com\/en\/wp-json\/wp\/v2\/types\/post"}],"author":[{"embeddable":true,"href":"https:\/\/visit-meknes.com\/en\/wp-json\/wp\/v2\/users\/1"}],"replies":[{"embeddable":true,"href":"https:\/\/visit-meknes.com\/en\/wp-json\/wp\/v2\/comments?post=2555"}],"version-history":[{"count":1,"href":"https:\/\/visit-meknes.com\/en\/wp-json\/wp\/v2\/posts\/2555\/revisions"}],"predecessor-version":[{"id":2557,"href":"https:\/\/visit-meknes.com\/en\/wp-json\/wp\/v2\/posts\/2555\/revisions\/2557"}],"wp:featuredmedia":[{"embeddable":true,"href":"https:\/\/visit-meknes.com\/en\/wp-json\/wp\/v2\/media\/2556"}],"wp:attachment":[{"href":"https:\/\/visit-meknes.com\/en\/wp-json\/wp\/v2\/media?parent=2555"}],"wp:term":[{"taxonomy":"category","embeddable":true,"href":"https:\/\/visit-meknes.com\/en\/wp-json\/wp\/v2\/categories?post=2555"},{"taxonomy":"post_tag","embeddable":true,"href":"https:\/\/visit-meknes.com\/en\/wp-json\/wp\/v2\/tags?post=2555"}],"curies":[{"name":"wp","href":"https:\/\/api.w.org\/{rel}","templated":true}]}}