{"id":2542,"date":"2017-07-09T23:07:06","date_gmt":"2017-07-09T23:07:06","guid":{"rendered":"http:\/\/visit-meknes.com\/?p=2542"},"modified":"2017-07-09T23:07:06","modified_gmt":"2017-07-09T23:07:06","slug":"le-18e-festival-international-de-volubilis-des-musiques-traditionnelles-du-monde","status":"publish","type":"post","link":"https:\/\/visit-meknes.com\/en\/le-18e-festival-international-de-volubilis-des-musiques-traditionnelles-du-monde\/","title":{"rendered":"Le 18\u00e8 festival international de Volubilis des musiques traditionnelles du monde"},"content":{"rendered":"<p>Le 18\u00e8 Festival International de Volubilis des Musiques Traditionnelles du Monde se tiendra du 14 au 18 juillet \u00e0 l\u2019initiative du minist\u00e8re de la Culture et de la communication, en collaboration avec les conseils de la r\u00e9gion F\u00e8s-Mekn\u00e8s et de la commune de Mekn\u00e8s.<\/p>\n<p>Pour les organisateurs, cette manifestation culturelle s\u2019inscrit dans le cadre d\u2019une strat\u00e9gie visant \u00e0 souligner la n\u00e9cessit\u00e9 de f\u00eater la diversit\u00e9 culturelle, de s\u2019ouvrir sur l\u2019autre, de consolider les valeurs de fraternit\u00e9 et de tol\u00e9rance et de promouvoir toutes les musiques dans l\u2019enceinte de la ville antique de Volubilis.<\/p>\n<p>Cet \u00e9v\u00e9nement vient confirmer la conviction du Festival de la n\u00e9cessit\u00e9 de construire des ponts entre le pass\u00e9, le pr\u00e9sent et l\u2019avenir par la c\u00e9l\u00e9bration des sites arch\u00e9ologiques \u00e0 travers leur int\u00e9gration dans le dynamisme \u00e9conomique, culturel et environnemental.<\/p>\n<p>Partant d\u2019un festival polyvalent m\u00e9langeant les styles musicaux dans ses pr\u00e9c\u00e9dentes \u00e9ditions, le festival puise dans le r\u00e9pertoire et patrimoine traditionnel de plusieurs pays, dont la C\u00f4te d\u2019Ivoire, l\u2019Egypte, l\u2019Espagne, la Pologne et le Maroc.<\/p>\n<p>Depuis 18 ans, le festival ne fait que confirmer l\u2019ambition de devenir un lieu de rencontres pour les artistes du monde entier, et une plate-forme de dialogue humain qui renforce les principes de tol\u00e9rance entre les peuples et les civilisations et contribue \u00e0 l\u2019am\u00e9lioration du go\u00fbt en offrant une vari\u00e9t\u00e9 de programmation artistique et une ouverture sur les autres cultures et traditions.<\/p>\n<p>Cette \u00e9dition consacrera des moments forts pour rendre hommage \u00e0 des pionniers de la musique marocaine, \u00e0 savoir Moulay Ahmed Alaoui, Nadia Ayoub et Nabila Ma\u00e2n.<\/p>\n<p>Outre le site de Volubilis o\u00f9 se d\u00e9roule une flop\u00e9e de soir\u00e9es artistiques, le programme comporte \u00e9galement des concerts musicaux offerts par un certain nombre de troupes \u00e0 la place Lahdim et au Th\u00e9\u00e2tre Agora.<\/p>\n","protected":false},"excerpt":{"rendered":"<p>Le 18\u00e8 Festival International de Volubilis des Musiques Traditionnelles du Monde se tiendra du 14 au 18 juillet \u00e0 l\u2019initiative du minist\u00e8re de la Culture et de la communication, en collaboration avec les conseils de la r\u00e9gion F\u00e8s-Mekn\u00e8s et de la commune de Mekn\u00e8s. Pour les organisateurs, cette manifestation culturelle s\u2019inscrit dans le cadre d\u2019une<\/p>\n","protected":false},"author":1,"featured_media":2543,"comment_status":"open","ping_status":"open","sticky":false,"template":"","format":"standard","meta":{"footnotes":""},"categories":[70,6],"tags":[],"_links":{"self":[{"href":"https:\/\/visit-meknes.com\/en\/wp-json\/wp\/v2\/posts\/2542"}],"collection":[{"href":"https:\/\/visit-meknes.com\/en\/wp-json\/wp\/v2\/posts"}],"about":[{"href":"https:\/\/visit-meknes.com\/en\/wp-json\/wp\/v2\/types\/post"}],"author":[{"embeddable":true,"href":"https:\/\/visit-meknes.com\/en\/wp-json\/wp\/v2\/users\/1"}],"replies":[{"embeddable":true,"href":"https:\/\/visit-meknes.com\/en\/wp-json\/wp\/v2\/comments?post=2542"}],"version-history":[{"count":1,"href":"https:\/\/visit-meknes.com\/en\/wp-json\/wp\/v2\/posts\/2542\/revisions"}],"predecessor-version":[{"id":2544,"href":"https:\/\/visit-meknes.com\/en\/wp-json\/wp\/v2\/posts\/2542\/revisions\/2544"}],"wp:featuredmedia":[{"embeddable":true,"href":"https:\/\/visit-meknes.com\/en\/wp-json\/wp\/v2\/media\/2543"}],"wp:attachment":[{"href":"https:\/\/visit-meknes.com\/en\/wp-json\/wp\/v2\/media?parent=2542"}],"wp:term":[{"taxonomy":"category","embeddable":true,"href":"https:\/\/visit-meknes.com\/en\/wp-json\/wp\/v2\/categories?post=2542"},{"taxonomy":"post_tag","embeddable":true,"href":"https:\/\/visit-meknes.com\/en\/wp-json\/wp\/v2\/tags?post=2542"}],"curies":[{"name":"wp","href":"https:\/\/api.w.org\/{rel}","templated":true}]}}