{"id":2475,"date":"2017-03-29T20:07:34","date_gmt":"2017-03-29T20:07:34","guid":{"rendered":"http:\/\/visit-meknes.com\/?p=2475"},"modified":"2017-03-29T20:07:34","modified_gmt":"2017-03-29T20:07:34","slug":"protection-du-patrimoine-forestier-de-meknes","status":"publish","type":"post","link":"https:\/\/visit-meknes.com\/en\/protection-du-patrimoine-forestier-de-meknes\/","title":{"rendered":"Protection du patrimoine forestier de Mekn\u00e8s"},"content":{"rendered":"<p>A l\u2019occasion des journ\u00e9es mondiales de l\u2019eau et de la for\u00eat, l\u2019Association IFKER d\u2019\u00e9ducation \u00e0 l\u2019environnement et d\u00e9veloppement durable (Pr\u00e9fecture de Mekn\u00e8s) en partenariat avec la Direction provinciale des Eaux et For\u00eats de Mekn\u00e8s, la Commune rurale, l\u2019autorit\u00e9 locale, la direction provinciale du Minist\u00e8re de l\u2019Education Nationale de Mekn\u00e8s et des repr\u00e9sentants du tissu associatif local et r\u00e9gional, a organis\u00e9 une journ\u00e9e de sensibilisation \u00e0 l\u2019environnement, dimanche 26 mars 2017 sur le site forestier de Bab Rmila.<\/p>\n<p>Lors de cette journ\u00e9e de sensibilisation bien r\u00e9ussie dans la for\u00eat de Bab Rmila, une table ronde a \u00e9t\u00e9 organis\u00e9e autour de la th\u00e9matique \u00ab Protection du massif du Zerhoun et valorisation des ressources \u00e9cologiques, paysag\u00e8res et patrimoniales :Approches, enjeux et perspectives de cr\u00e9ation d\u2019une aire prot\u00e9g\u00e9e \u00bb et marqu\u00e9e par l\u2019\u00e9change et la concertation entre les diff\u00e9rentes parties concern\u00e9es pour asseoir une vision partag\u00e9e et convergente de la protection de l\u2019environnement et du d\u00e9veloppement durable du territoire du Zerhoun.<\/p>\n<p>Aussi, cet important \u00e9v\u00e8nement organis\u00e9 en pr\u00e9sence des repr\u00e9sentants respectifs de la Direction provinciale des Eaux et For\u00eats de Mekn\u00e8s, de l\u2019autorit\u00e9 locale, de la Direction provinciale du Minist\u00e8re de l\u2019Education Nationale de Mekn\u00e8s, du Pr\u00e9sident de la Commune rurale, du coordinateur nationale de l\u2019UICN et des repr\u00e9sentants du tissu associatif local et r\u00e9gional, a accueilli \u00e9galement plus d\u2019une centaine d\u2019\u00e9l\u00e8ves venus de diff\u00e9rentes \u00e9coles publiques et priv\u00e9es et des associations de la ville de Moulay Idriss, du Cercle du Zerhoun et de la ville de M\u00e9kn\u00e8s qui ont pr\u00e9sent\u00e9 les travaux r\u00e9alis\u00e9s dans le cadre de leurs clubs de l\u2019environnement scolaires respectifs, dont ceux soutenus par l\u2019Association Ifker dans son projet de \u00ab mise en place d\u2019une dynamique d\u2019\u00e9ducation \u00e0 l\u2019environnement et au d\u00e9veloppement durable dans le Zerhoun \u00bb, financ\u00e9 par l\u2019UICN. Ces \u00e9l\u00e8ves ont particip\u00e9 \u00e0 des animations ainsi qu\u2019\u00e0 plusieurs activit\u00e9s tout au long de la journ\u00e9e (jeux, expos\u00e9s, pi\u00e8ce th\u00e9\u00e2trales, musique, chants, etc.).<\/p>\n<p>Il est \u00e0 signaler que le site de Bab Rmila est un site naturel important qui gagnerait \u00e0 \u00eatre \u00e9rig\u00e9 en Aire prot\u00e9g\u00e9e (SIBE). Il sera dot\u00e9 d\u2019un centre d\u2019\u00e9ducation \u00e0 l\u2019environnement qui va jouer un r\u00f4le crucial dans la pr\u00e9servation des ressources naturelles, la protection des patrimoines mat\u00e9riel et immat\u00e9riel et le marketing du territoire du Zerhoun.<\/p>\n<p><a href=\"http:\/\/visit-meknes.com\/wp-content\/uploads\/2017\/03\/forestier-meknes.jpg\"><img decoding=\"async\" class=\"alignleft size-full wp-image-2476\" src=\"http:\/\/visit-meknes.com\/wp-content\/uploads\/2017\/03\/forestier-meknes.jpg\" alt=\"\" width=\"100%\" srcset=\"https:\/\/visit-meknes.com\/en\/wp-content\/uploads\/2017\/03\/forestier-meknes.jpg 2256w, https:\/\/visit-meknes.com\/en\/wp-content\/uploads\/2017\/03\/forestier-meknes-768x512.jpg 768w, https:\/\/visit-meknes.com\/en\/wp-content\/uploads\/2017\/03\/forestier-meknes-300x200.jpg 300w\" sizes=\"(max-width: 2256px) 100vw, 2256px\" \/><\/a> <a href=\"http:\/\/visit-meknes.com\/wp-content\/uploads\/2017\/03\/forestier-meknes3.jpg\"><img decoding=\"async\" class=\"alignleft size-full wp-image-2478\" src=\"http:\/\/visit-meknes.com\/wp-content\/uploads\/2017\/03\/forestier-meknes3.jpg\" alt=\"\" width=\"100%\" srcset=\"https:\/\/visit-meknes.com\/en\/wp-content\/uploads\/2017\/03\/forestier-meknes3.jpg 1024w, https:\/\/visit-meknes.com\/en\/wp-content\/uploads\/2017\/03\/forestier-meknes3-768x512.jpg 768w, https:\/\/visit-meknes.com\/en\/wp-content\/uploads\/2017\/03\/forestier-meknes3-300x200.jpg 300w\" sizes=\"(max-width: 1024px) 100vw, 1024px\" \/><\/a><\/p>\n","protected":false},"excerpt":{"rendered":"<p>A l\u2019occasion des journ\u00e9es mondiales de l\u2019eau et de la for\u00eat, l\u2019Association IFKER d\u2019\u00e9ducation \u00e0 l\u2019environnement et d\u00e9veloppement durable (Pr\u00e9fecture de Mekn\u00e8s) en partenariat avec la Direction provinciale des Eaux et For\u00eats de Mekn\u00e8s, la Commune rurale, l\u2019autorit\u00e9 locale, la direction provinciale du Minist\u00e8re de l\u2019Education Nationale de Mekn\u00e8s et des repr\u00e9sentants du tissu associatif<\/p>\n","protected":false},"author":1,"featured_media":2477,"comment_status":"open","ping_status":"open","sticky":false,"template":"","format":"standard","meta":{"footnotes":""},"categories":[6],"tags":[],"_links":{"self":[{"href":"https:\/\/visit-meknes.com\/en\/wp-json\/wp\/v2\/posts\/2475"}],"collection":[{"href":"https:\/\/visit-meknes.com\/en\/wp-json\/wp\/v2\/posts"}],"about":[{"href":"https:\/\/visit-meknes.com\/en\/wp-json\/wp\/v2\/types\/post"}],"author":[{"embeddable":true,"href":"https:\/\/visit-meknes.com\/en\/wp-json\/wp\/v2\/users\/1"}],"replies":[{"embeddable":true,"href":"https:\/\/visit-meknes.com\/en\/wp-json\/wp\/v2\/comments?post=2475"}],"version-history":[{"count":1,"href":"https:\/\/visit-meknes.com\/en\/wp-json\/wp\/v2\/posts\/2475\/revisions"}],"predecessor-version":[{"id":2479,"href":"https:\/\/visit-meknes.com\/en\/wp-json\/wp\/v2\/posts\/2475\/revisions\/2479"}],"wp:featuredmedia":[{"embeddable":true,"href":"https:\/\/visit-meknes.com\/en\/wp-json\/wp\/v2\/media\/2477"}],"wp:attachment":[{"href":"https:\/\/visit-meknes.com\/en\/wp-json\/wp\/v2\/media?parent=2475"}],"wp:term":[{"taxonomy":"category","embeddable":true,"href":"https:\/\/visit-meknes.com\/en\/wp-json\/wp\/v2\/categories?post=2475"},{"taxonomy":"post_tag","embeddable":true,"href":"https:\/\/visit-meknes.com\/en\/wp-json\/wp\/v2\/tags?post=2475"}],"curies":[{"name":"wp","href":"https:\/\/api.w.org\/{rel}","templated":true}]}}