{"id":2469,"date":"2017-03-26T22:07:56","date_gmt":"2017-03-26T22:07:56","guid":{"rendered":"http:\/\/visit-meknes.com\/?p=2469"},"modified":"2017-03-26T22:07:56","modified_gmt":"2017-03-26T22:07:56","slug":"le-film-coreen-the-empty-remporte-le-grand-prix-du-ficam","status":"publish","type":"post","link":"https:\/\/visit-meknes.com\/en\/le-film-coreen-the-empty-remporte-le-grand-prix-du-ficam\/","title":{"rendered":"Le film cor\u00e9en \u201cThe Empty\u201d remporte le Grand Prix du FICAM"},"content":{"rendered":"<p>Le court-m\u00e9trage &#8220;The Empty&#8221; (La Chambre vide) de la r\u00e9alisatrice sud-cor\u00e9enne Dahee Jeong a remport\u00e9 le Grand prix de la 16\u00e8me \u00e9dition du Festival international du cin\u00e9ma d&#8217;animation de Mekn\u00e8s (FICAM), initi\u00e9 du 17 au 22 mars par l&#8217;Institut fran\u00e7ais de Mekn\u00e8s. Produite par &#8220;Sacrebleu Productions&#8221;, l\u2019\u0153uvre cin\u00e9matographique &#8220;The Empty&#8221; relate l&#8217;histoire d&#8217;un homme qui, dans la chambre d&#8217;une femme o\u00f9 des souvenirs s\u2019accumulent et disparaissent sans cesse comme de la poussi\u00e8re, passe du temps en cr\u00e9ant de petits jeux inutiles avec ses souvenirs \u00e0 elle&#8221;. Le jury de cette manifestation, organis\u00e9e en partenariat avec la Fondation A\u00efcha, a d\u00e9cern\u00e9 le prix du meilleur long-m\u00e9trage au r\u00e9alisateur anglais Roger Mainwood pour son film &#8220;Ethel et Ernest&#8221;. Le film &#8220;le Fil d\u2019Ariane&#8221; du r\u00e9alisateur suisse Claude Luyet a d\u00e9croch\u00e9 le prix junior du meilleur court-m\u00e9trage, alors que le prix du public est revenu ex-\u00e6quo aux r\u00e9alisateurs libanais Chadi Aoun pour son film &#8220;Silence&#8221; et belge Kris Borghs pour son \u0153uvre &#8220;No offence&#8221;. Le jury du FICAM a d\u00e9cern\u00e9 \u00e9galement le prix sp\u00e9cial du jury au Fran\u00e7ais Dion Franck pour son film &#8220;Une T\u00eate dispara\u00eet &#8221; et le prix du meilleur film \u00e9tudiant \u00e0 Eug\u00e8ne Boitsov pour son \u0153uvre &#8220;La Table&#8221;.<\/p>\n<p>S\u2019exprimant \u00e0 cette occasion, le pr\u00e9sident du jury, Georges Schwizgebel, a soulign\u00e9 que cette manifestation artistique, qui a connu la participation d\u2019une pl\u00e9iade de r\u00e9alisateurs et sp\u00e9cialistes dans le cin\u00e9ma d\u2019animation et un engouement du grand public, est devenue un rendez-vous incontournable pour les cin\u00e9philes. Schwizgebel a \u00e9galement relev\u00e9 que cette \u00e9dition du Festival international du cin\u00e9ma d&#8217;animation de Mekn\u00e8s \u00e9tait une occasion pour les jeunes artistes de rencontrer les professionnels du cin\u00e9ma d\u2019animation pour tirer profit de leurs exp\u00e9riences et de s\u2019informer de leurs \u0153uvres. Il a rappel\u00e9 que cette \u00e9dition a \u00e9t\u00e9 marqu\u00e9e aussi par des conf\u00e9rences et des ateliers de formation d\u00e9di\u00e9s aux jeunes et \u00e9tudiants int\u00e9ress\u00e9s par le cin\u00e9ma d\u2019animation afin de renforcer leurs talents et leur cr\u00e9ativit\u00e9. De son c\u00f4t\u00e9, le directeur du festival, Mohamed Bayoud, a indiqu\u00e9 que cet \u00e9v\u00e9nement artistique a r\u00e9ussi \u00e0 consacrer sa place parmi les grands festivals internationaux initi\u00e9s au Maroc, notant que l&#8217;\u00e9dition 2017 a connu la participation de la Hollande en tant qu\u2019invit\u00e9e d\u2019honneur. Bayoud a soulign\u00e9 que le festival a gratifi\u00e9 les habitants de la cit\u00e9 isma\u00eflienne de diverses activit\u00e9s cin\u00e9matographiques comme il a contribu\u00e9 \u00e0 l\u2019am\u00e9lioration des comp\u00e9tences et des talents artistiques de nombreux \u00e9tudiants du secteur de l\u2019audiovisuel et des Instituts des beaux-arts au Maroc.<\/p>\n<p><strong>La 16\u00e8me \u00e9dition en chiffres<\/strong><br \/>\n\u2022 Plus de 50 projections de films exceptionnels.<br \/>\n\u2022 Plus de 6000 spectateurs compos\u00e9s essentiellement de familles et d\u2019\u00e9tudiants.<br \/>\n\u2022 Plus de 7.500 \u00e9coliers et 24 projections scolaires en faveur des \u00e9tablissements de la ville de Mekn\u00e8s et 8000 \u00e9l\u00e8ves attendus lors de la tourn\u00e9e sur 10 villes du Royaume.<br \/>\n\u2022 Une pr\u00e9sence de plus de 250 \u00e9tudiants appartenant aux \u00e9coles, aux instituts du cin\u00e9ma et des beaux-arts du Royaume dont 150 ont b\u00e9n\u00e9fici\u00e9 de formations sp\u00e9cifiques li\u00e9es au cin\u00e9ma d\u2019animation. De m\u00eame ces \u00e9tudiants ont pu acc\u00e9der au r\u00e9seau des grands r\u00e9alisateurs et sp\u00e9cialistes du cin\u00e9ma d\u2019animation.<\/p>\n","protected":false},"excerpt":{"rendered":"<p>Le court-m\u00e9trage &#8220;The Empty&#8221; (La Chambre vide) de la r\u00e9alisatrice sud-cor\u00e9enne Dahee Jeong a remport\u00e9 le Grand prix de la 16\u00e8me \u00e9dition du Festival international du cin\u00e9ma d&#8217;animation de Mekn\u00e8s (FICAM), initi\u00e9 du 17 au 22 mars par l&#8217;Institut fran\u00e7ais de Mekn\u00e8s. Produite par &#8220;Sacrebleu Productions&#8221;, l\u2019\u0153uvre cin\u00e9matographique &#8220;The Empty&#8221; relate l&#8217;histoire d&#8217;un homme qui,<\/p>\n","protected":false},"author":1,"featured_media":2470,"comment_status":"open","ping_status":"open","sticky":false,"template":"","format":"standard","meta":{"footnotes":""},"categories":[6],"tags":[],"_links":{"self":[{"href":"https:\/\/visit-meknes.com\/en\/wp-json\/wp\/v2\/posts\/2469"}],"collection":[{"href":"https:\/\/visit-meknes.com\/en\/wp-json\/wp\/v2\/posts"}],"about":[{"href":"https:\/\/visit-meknes.com\/en\/wp-json\/wp\/v2\/types\/post"}],"author":[{"embeddable":true,"href":"https:\/\/visit-meknes.com\/en\/wp-json\/wp\/v2\/users\/1"}],"replies":[{"embeddable":true,"href":"https:\/\/visit-meknes.com\/en\/wp-json\/wp\/v2\/comments?post=2469"}],"version-history":[{"count":1,"href":"https:\/\/visit-meknes.com\/en\/wp-json\/wp\/v2\/posts\/2469\/revisions"}],"predecessor-version":[{"id":2471,"href":"https:\/\/visit-meknes.com\/en\/wp-json\/wp\/v2\/posts\/2469\/revisions\/2471"}],"wp:featuredmedia":[{"embeddable":true,"href":"https:\/\/visit-meknes.com\/en\/wp-json\/wp\/v2\/media\/2470"}],"wp:attachment":[{"href":"https:\/\/visit-meknes.com\/en\/wp-json\/wp\/v2\/media?parent=2469"}],"wp:term":[{"taxonomy":"category","embeddable":true,"href":"https:\/\/visit-meknes.com\/en\/wp-json\/wp\/v2\/categories?post=2469"},{"taxonomy":"post_tag","embeddable":true,"href":"https:\/\/visit-meknes.com\/en\/wp-json\/wp\/v2\/tags?post=2469"}],"curies":[{"name":"wp","href":"https:\/\/api.w.org\/{rel}","templated":true}]}}