{"id":2461,"date":"2017-03-21T22:26:15","date_gmt":"2017-03-21T22:26:15","guid":{"rendered":"http:\/\/visit-meknes.com\/?p=2461"},"modified":"2017-03-21T22:34:23","modified_gmt":"2017-03-21T22:34:23","slug":"ficam-2017-michel-ocelot-le-pere-de-kirikou-a-meknes","status":"publish","type":"post","link":"https:\/\/visit-meknes.com\/en\/ficam-2017-michel-ocelot-le-pere-de-kirikou-a-meknes\/","title":{"rendered":"FICAM 2017 : Michel Ocelot, le p\u00e8re de Kirikou \u00e0 Mekn\u00e8s"},"content":{"rendered":"<p>Le festival international du film d\u2019animation de Mekn\u00e8s (FICAM) continue les festivit\u00e9s. L\u2019invit\u00e9 d\u2019honneur de cette ann\u00e9e n\u2019est autre que Michel Ocelot, une r\u00e9f\u00e9rence dans le monde de l\u2019animation. Le r\u00e9alisateur de Kirikou est dans la ville imp\u00e9riale du 17 au 22 mars et il a re\u00e7u un prix lors de la c\u00e9r\u00e9monie d\u2019ouverture pour r\u00e9compenser toute une vie de travail. Tr\u00e8s accessible et d\u2019une s\u00e9r\u00e9nit\u00e9 sans pareil, il aime discuter et partager ses connaissances. Interview.<\/p>\n<p><strong>Qu\u2019est ce qui vous pla\u00eet dans le FICAM\u00a0?<\/strong><\/p>\n<p>Il y a plusieurs choses que j\u2019aime beaucoup dans ce festival, notamment le fait qu\u2019on se rencontre facilement, entre professionnels et avec le public. \u00c0 chaque fois que je viens, je suis assi\u00e9g\u00e9 par les \u00e9coliers et les \u00e9tudiants. Et j\u2019en suis ravi, je jubile. Ils sont tous beaux, belles, intelligents. C\u2019est un grand plaisir d\u2019\u00eatre appr\u00e9ci\u00e9. Ce sont un peu mes enfants, ils ont tous grandi avec Kirikou et Azur et Asmar. \u00c7a c\u2019est ma fiert\u00e9.<\/p>\n<p><strong>Que pensez-vous de Mekn\u00e8s\u00a0?<\/strong><\/p>\n<p>Peut-\u00eatre que \u00e7a ne va pas vous plaire mais c\u2019est tr\u00e8s plaisant parce que ce n\u2019est pas encore envahi par le tourisme. Peut-\u00eatre que vous pr\u00e9f\u00e9reriez qu\u2019il y ait plus de touristes, mais \u00e7a va venir. C\u2019est une vraie ville, je m\u2019y prom\u00e8ne avec plaisir. Mohamed Beyoud (directeur artistique du FICAM, ndlr) m\u2019a mis dans un h\u00f4tel de la vieille ville et \u00e7a \u00e7a me plait. C\u2019est une vieille demeure de bourgeois riches du si\u00e8cle dernier. Je suis \u00e0 deux pas du mausol\u00e9e Moulay Isma\u00efl. Je suis vraiment dedans. Je viens \u00e0 pied au FICAM.<\/p>\n<p><strong>Comment vous-\u00eates vous retrouv\u00e9s au FICAM\u00a0?<\/strong><\/p>\n<p>C\u2019est le hasard, on m\u2019a invit\u00e9. Je me suis dit pourquoi pas, \u00e7a tombe bien. J\u2019ai besoin de me renseigner sur le Maghreb et on m\u2019y invite. J\u2019ai vu d\u2019autres villes en remontant vers le nord. C\u2019est bien possible que le Maroc m\u2019inspire dans mes futurs projets. Pour l\u2019instant je me concentre sur l\u2019univers fran\u00e7ais ce que je n\u2019ai pas encore fait. Il \u00e9tait temps que je c\u00e9l\u00e8bre la ville o\u00f9 je suis que j\u2019aime bien\u00a0(Paris, ndlr). C\u2019est tr\u00e8s commode parce que si j\u2019ai besoin de quelque chose, je sors et je le photographie.<\/p>\n","protected":false},"excerpt":{"rendered":"<p>Le festival international du film d\u2019animation de Mekn\u00e8s (FICAM) continue les festivit\u00e9s. L\u2019invit\u00e9 d\u2019honneur de cette ann\u00e9e n\u2019est autre que Michel Ocelot, une r\u00e9f\u00e9rence dans le monde de l\u2019animation. Le r\u00e9alisateur de Kirikou est dans la ville imp\u00e9riale du 17 au 22 mars et il a re\u00e7u un prix lors de la c\u00e9r\u00e9monie d\u2019ouverture pour<\/p>\n","protected":false},"author":1,"featured_media":2462,"comment_status":"open","ping_status":"open","sticky":false,"template":"","format":"standard","meta":{"footnotes":""},"categories":[6],"tags":[],"_links":{"self":[{"href":"https:\/\/visit-meknes.com\/en\/wp-json\/wp\/v2\/posts\/2461"}],"collection":[{"href":"https:\/\/visit-meknes.com\/en\/wp-json\/wp\/v2\/posts"}],"about":[{"href":"https:\/\/visit-meknes.com\/en\/wp-json\/wp\/v2\/types\/post"}],"author":[{"embeddable":true,"href":"https:\/\/visit-meknes.com\/en\/wp-json\/wp\/v2\/users\/1"}],"replies":[{"embeddable":true,"href":"https:\/\/visit-meknes.com\/en\/wp-json\/wp\/v2\/comments?post=2461"}],"version-history":[{"count":2,"href":"https:\/\/visit-meknes.com\/en\/wp-json\/wp\/v2\/posts\/2461\/revisions"}],"predecessor-version":[{"id":2464,"href":"https:\/\/visit-meknes.com\/en\/wp-json\/wp\/v2\/posts\/2461\/revisions\/2464"}],"wp:featuredmedia":[{"embeddable":true,"href":"https:\/\/visit-meknes.com\/en\/wp-json\/wp\/v2\/media\/2462"}],"wp:attachment":[{"href":"https:\/\/visit-meknes.com\/en\/wp-json\/wp\/v2\/media?parent=2461"}],"wp:term":[{"taxonomy":"category","embeddable":true,"href":"https:\/\/visit-meknes.com\/en\/wp-json\/wp\/v2\/categories?post=2461"},{"taxonomy":"post_tag","embeddable":true,"href":"https:\/\/visit-meknes.com\/en\/wp-json\/wp\/v2\/tags?post=2461"}],"curies":[{"name":"wp","href":"https:\/\/api.w.org\/{rel}","templated":true}]}}