{"id":2444,"date":"2017-03-20T00:06:13","date_gmt":"2017-03-20T00:06:13","guid":{"rendered":"http:\/\/visit-meknes.com\/?p=2444"},"modified":"2017-03-20T00:06:13","modified_gmt":"2017-03-20T00:06:13","slug":"ouverture-du-ficam-2017-les-temps-forts","status":"publish","type":"post","link":"https:\/\/visit-meknes.com\/en\/ouverture-du-ficam-2017-les-temps-forts\/","title":{"rendered":"OUVERTURE DU FICAM 2017: LES TEMPS FORTS"},"content":{"rendered":"<p>David Silverman, r\u00e9alisateur fondateur de la s\u00e9rie des Simpson, Michel Ocelot auteur et r\u00e9alisateur des aventures de Kirikou, invit\u00e9s de marque de la 16e \u00e9dition du Festival International du cin\u00e9ma d&#8217;animation de Mekn\u00e8s (FICAM) ont agr\u00e9ment\u00e9 la c\u00e9r\u00e9monie d&#8217;ouverture. Reportage.<\/p>\n<p>La 16e\u00a0\u00e9dition du festival international du cin\u00e9ma d\u2019animation de Mekn\u00e8s a d\u00e9marr\u00e9 sur les chapeaux de roues. La c\u00e9r\u00e9monie d\u2019ouverture a eu lieu vendredi 17 mars dans l\u2019enceinte du th\u00e9\u00e2tre de l\u2019Institut fran\u00e7ais de la capitale isma\u00e9lienne. La salle \u00e9tait pleine \u00e0 craquer et la soir\u00e9e d\u2019ouverture a \u00e9t\u00e9 marqu\u00e9e par plusieurs faits notables. Plusieurs stars, r\u00e9alisateurs c\u00e9l\u00e8bres du cin\u00e9ma d\u2019animation y ont pris part.<\/p>\n<p>Le fran\u00e7ais Michel Ocelot, que Mohammed Beyoud le directeur artistique du FICAM a qualifi\u00e9 de \u201cClaude Lelouch de l\u2019animation\u201d ainsi que l\u2019am\u00e9ricain David Silverman, le fondateur de la s\u00e9rie des Simpson, \u00e9taient pr\u00e9sents et ont eu droit \u00e0 un accueil plus que chaleureux. \u00abMerci pour votre accueil. Je n\u2019ai jamais eu de ma vie autant de journalistes autour de moi dans une c\u00e9r\u00e9monie comme celle-ci\u00bb, lance avec humour le cr\u00e9ateur du personnage Hilarant de Bart Simpson et compagnie. Avant de recevoir son cadeau de la ville de Mekn\u00e8s (un objet de l\u2019artisanat marocain) des mains de Abdellah Boinou le maire PJD de la ville, David Silverman annonce pour les fans des Simpson que la s\u00e9rie f\u00eatera ses trente ans la semaine prochaine et qu\u2019il est heureux de c\u00e9l\u00e9brer cet anniversaire \u00e0 Mekn\u00e8s.<\/p>\n<p>Autre \u00e9v\u00e9nement important durant cette soir\u00e9e d\u2019ouverture: la remise du troph\u00e9e accompagn\u00e9 d&#8217;un ch\u00e8que de 50000 DH au gagnant du Grand prix A\u00efcha de l\u2019animation, d\u00e9cern\u00e9 au bin\u00f4me Sabrina Timsit et Omar Lhamzi, \u00e9tudiants \u00e0 l\u2019Institut national des Beaux-arts de T\u00e9touan. Leur projet a eu les faveurs du jury qui a pl\u00e9biscit\u00e9 la qualit\u00e9 technique et artistique dont a fait montre ces deux \u00e9tudiants, comme le souligne Nicolas Schmerkin, producteur fran\u00e7ais et membre dudit jury.<\/p>\n<div style=\"position: relative; height: 0; padding-bottom: 54.7%;\"><iframe loading=\"lazy\" style=\"position: absolute; width: 100%; height: 100%; left: 0;\" src=\"https:\/\/www.youtube.com\/embed\/Wj3yeXs6lAw?ecver=2\" width=\"658\" height=\"360\" frameborder=\"0\" allowfullscreen=\"allowfullscreen\"><\/iframe><\/div>\n","protected":false},"excerpt":{"rendered":"<p>David Silverman, r\u00e9alisateur fondateur de la s\u00e9rie des Simpson, Michel Ocelot auteur et r\u00e9alisateur des aventures de Kirikou, invit\u00e9s de marque de la 16e \u00e9dition du Festival International du cin\u00e9ma d&#8217;animation de Mekn\u00e8s (FICAM) ont agr\u00e9ment\u00e9 la c\u00e9r\u00e9monie d&#8217;ouverture. Reportage. La 16e\u00a0\u00e9dition du festival international du cin\u00e9ma d\u2019animation de Mekn\u00e8s a d\u00e9marr\u00e9 sur les chapeaux<\/p>\n","protected":false},"author":1,"featured_media":2445,"comment_status":"open","ping_status":"open","sticky":false,"template":"","format":"standard","meta":{"footnotes":""},"categories":[70],"tags":[],"_links":{"self":[{"href":"https:\/\/visit-meknes.com\/en\/wp-json\/wp\/v2\/posts\/2444"}],"collection":[{"href":"https:\/\/visit-meknes.com\/en\/wp-json\/wp\/v2\/posts"}],"about":[{"href":"https:\/\/visit-meknes.com\/en\/wp-json\/wp\/v2\/types\/post"}],"author":[{"embeddable":true,"href":"https:\/\/visit-meknes.com\/en\/wp-json\/wp\/v2\/users\/1"}],"replies":[{"embeddable":true,"href":"https:\/\/visit-meknes.com\/en\/wp-json\/wp\/v2\/comments?post=2444"}],"version-history":[{"count":1,"href":"https:\/\/visit-meknes.com\/en\/wp-json\/wp\/v2\/posts\/2444\/revisions"}],"predecessor-version":[{"id":2446,"href":"https:\/\/visit-meknes.com\/en\/wp-json\/wp\/v2\/posts\/2444\/revisions\/2446"}],"wp:featuredmedia":[{"embeddable":true,"href":"https:\/\/visit-meknes.com\/en\/wp-json\/wp\/v2\/media\/2445"}],"wp:attachment":[{"href":"https:\/\/visit-meknes.com\/en\/wp-json\/wp\/v2\/media?parent=2444"}],"wp:term":[{"taxonomy":"category","embeddable":true,"href":"https:\/\/visit-meknes.com\/en\/wp-json\/wp\/v2\/categories?post=2444"},{"taxonomy":"post_tag","embeddable":true,"href":"https:\/\/visit-meknes.com\/en\/wp-json\/wp\/v2\/tags?post=2444"}],"curies":[{"name":"wp","href":"https:\/\/api.w.org\/{rel}","templated":true}]}}