{"id":2441,"date":"2017-03-19T23:59:00","date_gmt":"2017-03-19T23:59:00","guid":{"rendered":"http:\/\/visit-meknes.com\/?p=2441"},"modified":"2017-03-19T23:59:00","modified_gmt":"2017-03-19T23:59:00","slug":"ficam-2017-les-images-de-dilili-a-paris-de-michel-ocelot-projetees-en-exclusivite","status":"publish","type":"post","link":"https:\/\/visit-meknes.com\/en\/ficam-2017-les-images-de-dilili-a-paris-de-michel-ocelot-projetees-en-exclusivite\/","title":{"rendered":"FICAM 2017: LES IMAGES DE \u201cDILILI \u00c0 PARIS\u201d DE MICHEL OCELOT PROJET\u00c9ES EN EXCLUSIVIT\u00c9"},"content":{"rendered":"<p>Le r\u00e9alisateur Michel Ocelot est venu pr\u00e9senter en exclusivit\u00e9 mondiale les images de son futur long-m\u00e9trage &#8220;Dilili \u00e0 Paris&#8221;. Il a racont\u00e9 cette nouvelle aventure avec passion avant l&#8217;ouverture du festival international du cin\u00e9ma d&#8217;animation de Mekn\u00e8s (FICAM), le 17 mars.<\/p>\n<p>Michel Ocelot est un grand habitu\u00e9 au Festival international du cin\u00e9ma d\u2019animation de Mekn\u00e8s (FICAM). Il y est revenu plusieurs fois et y a m\u00eame puis\u00e9 les sources d\u2019inspiration de son film Azur et Asmar.<\/p>\n<p>Les d\u00e9cors de cette r\u00e9alisation ont \u00e9t\u00e9 inspir\u00e9s presque enti\u00e8rement de Mekn\u00e8s, alors qu\u2019il s\u2019y promenait et capturait des centaines de photos. Cette m\u00eame d\u00e9marche d\u2019allier l\u2019utile \u00e0 l\u2019agr\u00e9able a \u00e9t\u00e9 men\u00e9e de main de ma\u00eetre par le laur\u00e9at du Prix Henri-Langlois\u00a0pour la r\u00e9alisation de son futur long-m\u00e9trage Dilili, \u00e0 Paris. Les images de ce film, qui sort en octobre 2018, ont \u00e9t\u00e9 projet\u00e9es en exclusivit\u00e9 mondiale le 17 mars \u00e0 la m\u00e9diath\u00e8que de l\u2019Institut Fran\u00e7ais, une heure avant l\u2019ouverture officielle du Festival international du cin\u00e9ma d\u2019animation de Mekn\u00e8s.<\/p>\n<p>Face aux refus de plusieurs producteurs et distributeurs de l\u2019accompagner dans ce projet qui lui a demand\u00e9 dix ans de travail, le r\u00e9alisateur villefranchois\u00a0\u00e9tait oblig\u00e9 de revoir ses ambitions \u00e0 la baisse, de jongler avec de la 2D et de la 3D, plus d\u2019images plates\u2026 mais il n\u2019a pas baiss\u00e9 les bras. \u00abJe voulais faire du luxe, mais tout le monde m\u2019a rejet\u00e9. C\u2019est incroyable. Mon propre producteur m\u2019a clairement signifi\u00e9 qu\u2019il n\u2019allait pas m\u2019accompagner\u00bb, a d\u00e9clar\u00e9 l\u2019auteur des aventures de Kirikou devant une salle comble o\u00f9 beaucoup de jeunes ont eu l&#8217;occasion de le voir et de lui poser des questions.<\/p>\n<div style=\"position: relative; height: 0; padding-bottom: 56.25%;\"><iframe loading=\"lazy\" style=\"position: absolute; width: 100%; height: 100%; left: 0;\" src=\"https:\/\/www.youtube.com\/embed\/bXBVrTvOpxM?ecver=2\" width=\"640\" height=\"360\" frameborder=\"0\" allowfullscreen=\"allowfullscreen\"><\/iframe><\/div>\n","protected":false},"excerpt":{"rendered":"<p>Le r\u00e9alisateur Michel Ocelot est venu pr\u00e9senter en exclusivit\u00e9 mondiale les images de son futur long-m\u00e9trage &#8220;Dilili \u00e0 Paris&#8221;. Il a racont\u00e9 cette nouvelle aventure avec passion avant l&#8217;ouverture du festival international du cin\u00e9ma d&#8217;animation de Mekn\u00e8s (FICAM), le 17 mars. Michel Ocelot est un grand habitu\u00e9 au Festival international du cin\u00e9ma d\u2019animation de Mekn\u00e8s<\/p>\n","protected":false},"author":1,"featured_media":2442,"comment_status":"open","ping_status":"open","sticky":false,"template":"","format":"standard","meta":{"footnotes":""},"categories":[70],"tags":[],"_links":{"self":[{"href":"https:\/\/visit-meknes.com\/en\/wp-json\/wp\/v2\/posts\/2441"}],"collection":[{"href":"https:\/\/visit-meknes.com\/en\/wp-json\/wp\/v2\/posts"}],"about":[{"href":"https:\/\/visit-meknes.com\/en\/wp-json\/wp\/v2\/types\/post"}],"author":[{"embeddable":true,"href":"https:\/\/visit-meknes.com\/en\/wp-json\/wp\/v2\/users\/1"}],"replies":[{"embeddable":true,"href":"https:\/\/visit-meknes.com\/en\/wp-json\/wp\/v2\/comments?post=2441"}],"version-history":[{"count":1,"href":"https:\/\/visit-meknes.com\/en\/wp-json\/wp\/v2\/posts\/2441\/revisions"}],"predecessor-version":[{"id":2443,"href":"https:\/\/visit-meknes.com\/en\/wp-json\/wp\/v2\/posts\/2441\/revisions\/2443"}],"wp:featuredmedia":[{"embeddable":true,"href":"https:\/\/visit-meknes.com\/en\/wp-json\/wp\/v2\/media\/2442"}],"wp:attachment":[{"href":"https:\/\/visit-meknes.com\/en\/wp-json\/wp\/v2\/media?parent=2441"}],"wp:term":[{"taxonomy":"category","embeddable":true,"href":"https:\/\/visit-meknes.com\/en\/wp-json\/wp\/v2\/categories?post=2441"},{"taxonomy":"post_tag","embeddable":true,"href":"https:\/\/visit-meknes.com\/en\/wp-json\/wp\/v2\/tags?post=2441"}],"curies":[{"name":"wp","href":"https:\/\/api.w.org\/{rel}","templated":true}]}}