{"id":2434,"date":"2017-03-15T22:34:56","date_gmt":"2017-03-15T22:34:56","guid":{"rendered":"http:\/\/visit-meknes.com\/?p=2434"},"modified":"2017-03-15T22:34:56","modified_gmt":"2017-03-15T22:34:56","slug":"le-spielberg-de-lanimation-au-ficam-2017","status":"publish","type":"post","link":"https:\/\/visit-meknes.com\/en\/le-spielberg-de-lanimation-au-ficam-2017\/","title":{"rendered":"Le Spielberg de l&#8217;animation au FICAM 2017"},"content":{"rendered":"<p>Le Festival international du cin\u00e9ma d&#8217;animation de Mekn\u00e8s (FICAM) aura lieu du 17 au 22 mars prochains. En attendant, les organisateurs du festival ont d\u00e9voil\u00e9 les temps forts de la programmation lors d&#8217;une conf\u00e9rence de presse \u00e0 Casablanca. Le360 y \u00e9tait.<\/p>\n<p>Le festival international du cin\u00e9ma d\u2019animation de Mekn\u00e8s (FICAM) d\u00e9marre le 17 mars prochain. Cette ann\u00e9e, le FICAM donne carte blanche au festival du film d\u2019animation hollandais en pr\u00e9sence du producteur Willem Thijssen.<\/p>\n<p>Deux r\u00e9alisateurs, des pontes du cin\u00e9ma d\u2019animation \u00e0 l\u2019\u00e9chelle internationale recevront un hommage particulier. Il s\u2019agit de Michel Ocelot un grand habitu\u00e9 du festival, auteur de Azur et Asmar et de David Silverman r\u00e9alisateur des Simpsons.<\/p>\n<p>\u00abC&#8217;est comme recevoir le Claude Lelouche et le Steven Spileberg de l&#8217;animation\u00bb, lance avec fiert\u00e9 Mohamed Beyoud, directeur artistique du FICAM durant la conf\u00e9rence de presse de pr\u00e9sentation de l\u2019\u00e9dition 2017 du FICAM.<\/p>\n<p>\u00abAu fil des ans, un lien d\u2019amiti\u00e9 fid\u00e8le s\u2019est tiss\u00e9 avec Michel Ocelot, et alors qu\u2019il se consacre pleinement \u00e0 Dilili son prochain long-m\u00e9trage, il nous fait l\u2019honneur de revenir \u00e0 Mekn\u00e8s pour pr\u00e9senter l\u2019avancement de ce projet\u00bb pr\u00e9cisent les organisateurs dans un communiqu\u00e9.<\/p>\n<p>A l\u2019instar de ses pr\u00e9c\u00e9dentes \u00e9ditions, le FICAM pr\u00e9sente une comp\u00e9tition internationale de courts-m\u00e9trages d\u2019animation Courts Compet\u2019, dot\u00e9e d&#8217;un prix de 3.000 euros. Il propose une s\u00e9lection de 39 films issus des quatre coins de la plan\u00e8te.<\/p>\n<p>Le jury Courts Compet\u2019 FICAM 2017 est compos\u00e9 de Georges Schwizgebel, r\u00e9alisateur et pr\u00e9sident du jury (Suisse), Marie Ann Fleming, r\u00e9alisatrice (Canada), Bilal Marmid, journaliste (Maroc), St\u00e9phan Roelants, producteur (Luxembourg) et Lewis Trondheim, auteur de bande-dessin\u00e9e (France).<\/p>\n<p>Le festival propose \u00e9galement une comp\u00e9tition internationale du long-m\u00e9trage d\u2019animation dot\u00e9e de 2.000 euros et dont le jury junior r\u00e9unit des \u00e9l\u00e8ves du lyc\u00e9e qualifiant Moulay Isma\u00efl et du lyc\u00e9e Paul Val\u00e9ry de Mekn\u00e8s.<\/p>\n<p>Cette comp\u00e9tition internationale du long-m\u00e9trage rassemble cinq films d\u2019animation:<\/p>\n<ul>\n<li>La vengeresse (Etats-Unis) en pr\u00e9sence de Bill Plympton, r\u00e9alisateur<\/li>\n<li>La tortue rouge (France, Belgique, Japon) en pr\u00e9sence de Michael Dudok de Wit, r\u00e9alisateur<\/li>\n<li>Contes africains (Alg\u00e9rie) en pr\u00e9sence de Djilali Beskri, r\u00e9alisateur<\/li>\n<li>Ethel et Ernest (Royaume Uni, Luxembourg) en pr\u00e9sence de St\u00e9phan Roelants<\/li>\n<li>La vie en Rosie (Canada) en pr\u00e9sence d\u2019Ann Marie Fleming, r\u00e9alisatrice<\/li>\n<\/ul>\n<p>Mohammed Beyoud, le directeur artistique du festival en parle dans ces d\u00e9clarations \u00e0 le360. On l&#8217;\u00e9coute.<\/p>\n<div style=\"position: relative; height: 0; padding-bottom: 56.25%;\"><iframe loading=\"lazy\" style=\"position: absolute; width: 100%; height: 100%; left: 0;\" src=\"https:\/\/www.youtube.com\/embed\/2W4gzX-q4CE?ecver=2\" width=\"640\" height=\"360\" frameborder=\"0\" allowfullscreen=\"allowfullscreen\"><\/iframe><\/div>\n","protected":false},"excerpt":{"rendered":"<p>Le Festival international du cin\u00e9ma d&#8217;animation de Mekn\u00e8s (FICAM) aura lieu du 17 au 22 mars prochains. En attendant, les organisateurs du festival ont d\u00e9voil\u00e9 les temps forts de la programmation lors d&#8217;une conf\u00e9rence de presse \u00e0 Casablanca. Le360 y \u00e9tait. Le festival international du cin\u00e9ma d\u2019animation de Mekn\u00e8s (FICAM) d\u00e9marre le 17 mars prochain.<\/p>\n","protected":false},"author":1,"featured_media":2435,"comment_status":"open","ping_status":"open","sticky":false,"template":"","format":"standard","meta":{"footnotes":""},"categories":[6],"tags":[],"_links":{"self":[{"href":"https:\/\/visit-meknes.com\/en\/wp-json\/wp\/v2\/posts\/2434"}],"collection":[{"href":"https:\/\/visit-meknes.com\/en\/wp-json\/wp\/v2\/posts"}],"about":[{"href":"https:\/\/visit-meknes.com\/en\/wp-json\/wp\/v2\/types\/post"}],"author":[{"embeddable":true,"href":"https:\/\/visit-meknes.com\/en\/wp-json\/wp\/v2\/users\/1"}],"replies":[{"embeddable":true,"href":"https:\/\/visit-meknes.com\/en\/wp-json\/wp\/v2\/comments?post=2434"}],"version-history":[{"count":1,"href":"https:\/\/visit-meknes.com\/en\/wp-json\/wp\/v2\/posts\/2434\/revisions"}],"predecessor-version":[{"id":2436,"href":"https:\/\/visit-meknes.com\/en\/wp-json\/wp\/v2\/posts\/2434\/revisions\/2436"}],"wp:featuredmedia":[{"embeddable":true,"href":"https:\/\/visit-meknes.com\/en\/wp-json\/wp\/v2\/media\/2435"}],"wp:attachment":[{"href":"https:\/\/visit-meknes.com\/en\/wp-json\/wp\/v2\/media?parent=2434"}],"wp:term":[{"taxonomy":"category","embeddable":true,"href":"https:\/\/visit-meknes.com\/en\/wp-json\/wp\/v2\/categories?post=2434"},{"taxonomy":"post_tag","embeddable":true,"href":"https:\/\/visit-meknes.com\/en\/wp-json\/wp\/v2\/tags?post=2434"}],"curies":[{"name":"wp","href":"https:\/\/api.w.org\/{rel}","templated":true}]}}