{"id":2428,"date":"2017-03-11T16:35:56","date_gmt":"2017-03-11T16:35:56","guid":{"rendered":"http:\/\/visit-meknes.com\/?p=2428"},"modified":"2017-03-11T16:35:56","modified_gmt":"2017-03-11T16:35:56","slug":"a-meknes-un-hommage-sera-rendu-a-michel-ocelot-realisateur-de-kirikou","status":"publish","type":"post","link":"https:\/\/visit-meknes.com\/en\/a-meknes-un-hommage-sera-rendu-a-michel-ocelot-realisateur-de-kirikou\/","title":{"rendered":"\u00c0 Mekn\u00e8s, un hommage sera rendu \u00e0 Michel Ocelot, r\u00e9alisateur de Kirikou"},"content":{"rendered":"<p>Dans moins d&#8217;une semaine, le coup d&#8217;envoi de la 16e \u00e9dition du Festival international de cin\u00e9ma d&#8217;animation de Mekn\u00e8s (FICAM) sera donn\u00e9. Si la star incontestable du FICAM de cette ann\u00e9e est David Silverman, le r\u00e9alisateur et dessinateur des Simpson, d&#8217;autres grandes figures du cin\u00e9ma d&#8217;animation sont \u00e9galement attendues. \u00c0 leur t\u00eate: Michel Ocelot.<\/p>\n<p>Le r\u00e9alisateur fran\u00e7ais, qui a \u00e0 son actif pas moins de 17 longs et courts-m\u00e9trages d&#8217;animation, dont Cin\u00e9 Si(1989), Kirikou et la Sorci\u00e8re (1998) et Les Contes de la nuit (2011), recevra un hommage au festival. Un festival qu&#8217;il connait bien puisqu&#8217;il a \u00e9t\u00e9, en 2002, le premier r\u00e9alisateur \u00e0 accepter l&#8217;invitation de ses organisateurs.<\/p>\n<p>Il revient en 2007 \u00e0 Mekn\u00e8s pour pr\u00e9senter Azur et Asmar, long-m\u00e9trage dont l&#8217;histoire se d\u00e9roule au Maghreb. Trois ann\u00e9es plus tard, en 2010, il \u00e9tait l\u00e0 aussi pour f\u00eater les dix ans du festival.<\/p>\n<p>&#8220;Michel Ocelot aime beaucoup Mekn\u00e8s. C&#8217;est pour cela qu&#8217;il viendra pr\u00e9senter cette ann\u00e9e en exclusivit\u00e9 pour le FICAM son dernier projet de film, Dilili&#8221;, se f\u00e9licite Mohamed Beyoud, directeur artistique du festival, lors d&#8217;une conf\u00e9rence de presse organis\u00e9e jeudi 9 mars \u00e0 Casablanca.<\/p>\n<h4>Focus sur les Pays-Bas<\/h4>\n<p>Pour sa 16e \u00e9dition, le FICAM a choisi de faire un focus sur le cin\u00e9ma d&#8217;animation hollandais. Des cartes blanches seront ainsi donn\u00e9es au producteur Willem Thijssen ainsi qu&#8217;aux r\u00e9alisateurs Michael Dudok et Rosto.<\/p>\n<p>Une douzaine de courts-m\u00e9trages de Thijssen sont programm\u00e9s pour la premi\u00e8re journ\u00e9es du festival, avec entre autres Borderline 1+2 de Monique Renault (1981), Jaco de Ties Poeth (1985) et Life and death de Joost Roelofsz, Roger Proper et Delphine de Pury (1979).<\/p>\n<p>Une s\u00e9lection de 40 films produits par la plus grande \u00e9cole d&#8217;animation fran\u00e7aise, Gobelins, seront \u00e9galement projet\u00e9e dans le cadre du festival.<\/p>\n<p>Le festival re\u00e7oit \u00e9galement des &#8220;sommit\u00e9s du film d\u2019animation international&#8221;, ont fait savoir les organisateurs, citant notamment Claude Barras, Bill Plympton, Ann Marie Fleming, Vincent Patar, St\u00e9phane Aubier et Georges Schwizgebel.<\/p>\n<p>Au programme \u00e9galement, des projections in\u00e9dites, des expositions, des tables rondes, des rencontres, mais aussi un important volet consacr\u00e9 \u00e0 la formation des \u00e9tudiants des \u00e9coles d\u2019art et d\u2019audiovisuel au Maroc.<\/p>\n<p>&#8220;Nous avons fait tout un travail de sensibilisation aupr\u00e8s des scolaires sur le cin\u00e9ma d&#8217;animation. Des brochures ont \u00e9t\u00e9 notamment envoy\u00e9es \u00e0 toutes les \u00e9coles priv\u00e9es de Mekn\u00e8s pour attirer le petit public au festival&#8221;, a fait savoir Mohamed Beyoud.<\/p>\n<p>Selon ce dernier, le FICAM a r\u00e9ussi au fil des \u00e9ditions \u00e0 atteindre son objectif, celui de &#8220;familiariser le public marocain avec le cin\u00e9ma d&#8217;animation. Les salles sont g\u00e9n\u00e9ralement pleines pendant le festival&#8221;, ajoute le directeur artistique, non sans fiert\u00e9.<\/p>\n<h4>3,5 millions de DH de budget<\/h4>\n<p>Le festival compte par ailleurs sur plusieurs importants soutiens dont celui de la Fondation A\u00efcha, la ville de Mekn\u00e8s et de l&#8217;Institut fran\u00e7ais du Maroc. C&#8217;est m\u00eame gr\u00e2ce \u00e0 ce dernier que le festival a vu le jour.<\/p>\n<p>&#8220;Le festival est n\u00e9 d&#8217;une initiative de l&#8217;Institut fran\u00e7ais en 2001. Au d\u00e9but, on avait 1.200 spectateurs \u00e0 peu pr\u00e8s, avec six ou sept films. Maintenant, il y a une programmation tr\u00e8s cons\u00e9quente, avec une politique qui vise \u00e0 inviter des professionnels internationaux de mani\u00e8re \u00e0 ce que leur savoir-faire puisse \u00eatre transmis aux jeunes \u00e9tudiants et jeunes professionnels marocains. C&#8217;est un volet formation qui nous tient beaucoup \u00e0 coeur&#8221;, nous confie Alain Millot, directeur de l&#8217;Institut fran\u00e7ais de Mekn\u00e8s.<\/p>\n<p>Selon lui, c&#8217;est l&#8217;authenticit\u00e9 de ce festival qui fait son charme et sa notori\u00e9t\u00e9.<\/p>\n<p>&#8220;Il y a de grands festivals comme celui d&#8217;Annecy, qui est le plus grand au monde et qui r\u00e9unit vraiment les gens de la profession, des \u00e9tudiants aussi et un grand public. Le festival de Mekn\u00e8s est diff\u00e9rent, il est bien \u00e9quilibr\u00e9. C&#8217;est un vrai moment de festivit\u00e9 et c&#8217;est ce qui pla\u00eet beaucoup aux professionnels \u00e9trangers qui viennent ici&#8221;, ajoute-t-il.<\/p>\n<p>Le FICAM dispose cette ann\u00e9e d&#8217;un budget de 3,5 millions de dirhams, dont 90% sont assur\u00e9s par la Fondation A\u00efcha.<\/p>\n<p>Pour plus d&#8217;informations sur le festival et sa billetterie, rendez-vous \u00e0 l&#8217;accueil de l&#8217;Institut fran\u00e7ais de Mekn\u00e8s.<\/p>\n","protected":false},"excerpt":{"rendered":"<p>Dans moins d&#8217;une semaine, le coup d&#8217;envoi de la 16e \u00e9dition du Festival international de cin\u00e9ma d&#8217;animation de Mekn\u00e8s (FICAM) sera donn\u00e9. Si la star incontestable du FICAM de cette ann\u00e9e est David Silverman, le r\u00e9alisateur et dessinateur des Simpson, d&#8217;autres grandes figures du cin\u00e9ma d&#8217;animation sont \u00e9galement attendues. \u00c0 leur t\u00eate: Michel Ocelot. Le<\/p>\n","protected":false},"author":1,"featured_media":2429,"comment_status":"open","ping_status":"open","sticky":false,"template":"","format":"standard","meta":{"footnotes":""},"categories":[70],"tags":[],"_links":{"self":[{"href":"https:\/\/visit-meknes.com\/en\/wp-json\/wp\/v2\/posts\/2428"}],"collection":[{"href":"https:\/\/visit-meknes.com\/en\/wp-json\/wp\/v2\/posts"}],"about":[{"href":"https:\/\/visit-meknes.com\/en\/wp-json\/wp\/v2\/types\/post"}],"author":[{"embeddable":true,"href":"https:\/\/visit-meknes.com\/en\/wp-json\/wp\/v2\/users\/1"}],"replies":[{"embeddable":true,"href":"https:\/\/visit-meknes.com\/en\/wp-json\/wp\/v2\/comments?post=2428"}],"version-history":[{"count":1,"href":"https:\/\/visit-meknes.com\/en\/wp-json\/wp\/v2\/posts\/2428\/revisions"}],"predecessor-version":[{"id":2430,"href":"https:\/\/visit-meknes.com\/en\/wp-json\/wp\/v2\/posts\/2428\/revisions\/2430"}],"wp:featuredmedia":[{"embeddable":true,"href":"https:\/\/visit-meknes.com\/en\/wp-json\/wp\/v2\/media\/2429"}],"wp:attachment":[{"href":"https:\/\/visit-meknes.com\/en\/wp-json\/wp\/v2\/media?parent=2428"}],"wp:term":[{"taxonomy":"category","embeddable":true,"href":"https:\/\/visit-meknes.com\/en\/wp-json\/wp\/v2\/categories?post=2428"},{"taxonomy":"post_tag","embeddable":true,"href":"https:\/\/visit-meknes.com\/en\/wp-json\/wp\/v2\/tags?post=2428"}],"curies":[{"name":"wp","href":"https:\/\/api.w.org\/{rel}","templated":true}]}}