{"id":2406,"date":"2017-03-02T21:00:13","date_gmt":"2017-03-02T21:00:13","guid":{"rendered":"http:\/\/visit-meknes.com\/?p=2406"},"modified":"2017-03-02T21:00:13","modified_gmt":"2017-03-02T21:00:13","slug":"meknes-des-investissements-de-10-mmdh-pour-une-cite-homogene-et-equilibree-a-lhorizon-2021","status":"publish","type":"post","link":"https:\/\/visit-meknes.com\/en\/meknes-des-investissements-de-10-mmdh-pour-une-cite-homogene-et-equilibree-a-lhorizon-2021\/","title":{"rendered":"Mekn\u00e8s: Des investissements de 10 MMDH pour une cit\u00e9 homog\u00e8ne et \u00e9quilibr\u00e9e \u00e0 l\u2019horizon 2021"},"content":{"rendered":"<p>Quelque 120 projets d\u2019une valeur de 10 milliards de Dhs seront programm\u00e9s \u00e0 l\u2019horizon 2021 pour faire de Mekn\u00e8s, une cit\u00e9 homog\u00e8ne et \u00e9quilibr\u00e9e dans le cadre d\u2019une vision urbanistique moderne.<\/p>\n<p>Cette vision, qui a \u00e9t\u00e9 inclue dans le cadre du programme d\u2019action de la Commune Urbaine de Mekn\u00e8s, s\u2019\u00e9tale sur la p\u00e9riode 2016-2021.<\/p>\n<p>Elle se d\u00e9cline en quatre axes strat\u00e9giques \u00e0 savoir une cit\u00e9 orient\u00e9e vers l\u2019enseignement, la sant\u00e9, les sports et la cr\u00e9ativit\u00e9 culturelle, attractive et respectueuse de l\u2019environnement, partenaire dans le d\u00e9veloppement socio-\u00e9conomique local, et une ville avec un avenir planifi\u00e9.<\/p>\n<p>Ce programme, qui vient d\u2019\u00eatre valid\u00e9 par le Conseil de la Commune Urbaine, s\u2019articule autour d\u2019orientations strat\u00e9giques refl\u00e9tant clairement les priorit\u00e9s des op\u00e9rateurs locaux et des objectifs de d\u00e9veloppement \u00e0 court et moyen termes pour la satisfaction des besoins d\u2019une population estim\u00e9e \u00e0 un million d\u2019habitants.<\/p>\n<p>Le programme vise \u00e0 encourager les investissements et l\u2019emploi \u00e0 travers une batterie de m\u00e9canismes dont le d\u00e9veloppement des initiatives priv\u00e9es \u00e0 l\u2019int\u00e9rieur des quartiers en tant que nouveau d\u00e9fi de la politique de la ville, l\u2019accompagnement des jeunes entrepreneurs, le renforcement de la coop\u00e9ration territoriale dans le domaine de entrepreneuriat\u00a0et la consolidation des missions du Centre R\u00e9gional d\u2019Investissement.<\/p>\n<p>L\u2019intelligence \u00e9conomique territoriale, inclue dans le programme, consiste en l\u2019\u00e9laboration et l\u2019ex\u00e9cution d\u2019une strat\u00e9gie de promotion du \u201d Grand Mekn\u00e8s\u201d, le d\u00e9veloppement des capacit\u00e9s de rem\u00e9dier d\u2019une mani\u00e8re urgente aux dysfonctionnements li\u00e9s \u00e0 l\u2019investissement et l\u2019implication dans la pr\u00e9paration de l\u2019oeuvre de d\u00e9veloppement touristique de la cit\u00e9 isma\u00eflienne.<\/p>\n<p>Le programme porte aussi sur des activit\u00e9s de proximit\u00e9, le renforcement des infrastructures de base des march\u00e9s locaux et la mise \u00e0 niveau urbaine \u00e0 travers la lutte contre l\u2019extension urbanistique anarchique, la mise en place d\u2019une vision prospective prenant en compte les besoins des g\u00e9n\u00e9rations montantes et le raccordement aux r\u00e9seaux d\u2019eau potable, d\u2019\u00e9lectricit\u00e9 et d\u2019assainissement liquide.<\/p>\n<p>Et pour d\u00e9congestionner la circulation, des mesures non moins importantes ont \u00e9t\u00e9 pr\u00e9vues par le Conseil Communal, notamment celles concernant l\u2019am\u00e9nagement de rocades, la consolidation des axes routiers, la mis en place de parkings et de stations d\u2019arr\u00eat d\u2019autobus et l\u2019\u00e9tablissement d\u2019un centre de r\u00e9glementation de la circulation \u00e9quip\u00e9 de cam\u00e9ras de surveillance.<\/p>\n<p>La protection de l\u2019environnement, l\u2019entretien des cimeti\u00e8res, la cr\u00e9ation de structures culturelles et sportives, la construction d\u2019une nouvelle gare routi\u00e8re et la cr\u00e9ation d\u2019un p\u00f4le artistique d\u00e9di\u00e9 \u00e0 la valorisation du patrimoine historique et civilisationnel de la ville sont \u00e9galement au menu du programme d\u2019action de la Commune Urbaine de Mekn\u00e8s pour les cinq prochaines ann\u00e9es.<\/p>\n<p>Dans cette ambitieuse strat\u00e9gie de d\u00e9veloppement, le Conseil Communal de Mekn\u00e8s a \u00e9galement accord\u00e9 une place de choix au patrimoine culturel de la ville \u00e0 travers la valorisation du patrimoine mat\u00e9riel et immat\u00e9riel de la cit\u00e9 et les activit\u00e9s touristiques, la restauration des sites historiques et la mise en valeur des m\u00e9tiers traditionnels.<\/p>\n<p>Pour l\u2019opposition qui a vot\u00e9 contre ce projet, il s\u2019agit d\u2019une \u201cop\u00e9ration de vente d\u2019illusions aux Meknassis\u201d vu son co\u00fbt financier exorbitant et \u00e0 la faiblesse des recettes du budget de la Commune.<\/p>\n<p>De son c\u00f4t\u00e9, le pr\u00e9sident du Conseil Communal de Mekn\u00e8s, Abdellah Bouanou, a assur\u00e9 que ce programme d\u2019action est un plaidoyer pour une contribution des diff\u00e9rentes parties au d\u00e9veloppement de la ville afin de lui permettre de renouer avec son pass\u00e9 prestigieux d\u2019antan, soulignant l\u2019imp\u00e9rieuse n\u00e9cessit\u00e9 pour la satisfaction des besoins actuels et futurs de la population dans divers domaines.<\/p>\n<p>Ce programme est le fruit d\u2019une \u00e9tude de diagnostic participative r\u00e9alis\u00e9e en 2016 en partenariat avec la soci\u00e9t\u00e9 civile, les \u00e9lus locaux, les syndicats et des op\u00e9rateurs\u00a0\u00e9conomiques pour l\u2019\u00e9laboration d\u2019une vision unifi\u00e9e de d\u00e9veloppement de la cit\u00e9 isma\u00eflienne.<\/p>\n<p><strong>MAP<\/strong><\/p>\n","protected":false},"excerpt":{"rendered":"<p>Quelque 120 projets d\u2019une valeur de 10 milliards de Dhs seront programm\u00e9s \u00e0 l\u2019horizon 2021 pour faire de Mekn\u00e8s, une cit\u00e9 homog\u00e8ne et \u00e9quilibr\u00e9e dans le cadre d\u2019une vision urbanistique moderne. Cette vision, qui a \u00e9t\u00e9 inclue dans le cadre du programme d\u2019action de la Commune Urbaine de Mekn\u00e8s, s\u2019\u00e9tale sur la p\u00e9riode 2016-2021. Elle<\/p>\n","protected":false},"author":1,"featured_media":2407,"comment_status":"open","ping_status":"open","sticky":false,"template":"","format":"standard","meta":{"footnotes":""},"categories":[6],"tags":[],"_links":{"self":[{"href":"https:\/\/visit-meknes.com\/en\/wp-json\/wp\/v2\/posts\/2406"}],"collection":[{"href":"https:\/\/visit-meknes.com\/en\/wp-json\/wp\/v2\/posts"}],"about":[{"href":"https:\/\/visit-meknes.com\/en\/wp-json\/wp\/v2\/types\/post"}],"author":[{"embeddable":true,"href":"https:\/\/visit-meknes.com\/en\/wp-json\/wp\/v2\/users\/1"}],"replies":[{"embeddable":true,"href":"https:\/\/visit-meknes.com\/en\/wp-json\/wp\/v2\/comments?post=2406"}],"version-history":[{"count":1,"href":"https:\/\/visit-meknes.com\/en\/wp-json\/wp\/v2\/posts\/2406\/revisions"}],"predecessor-version":[{"id":2408,"href":"https:\/\/visit-meknes.com\/en\/wp-json\/wp\/v2\/posts\/2406\/revisions\/2408"}],"wp:featuredmedia":[{"embeddable":true,"href":"https:\/\/visit-meknes.com\/en\/wp-json\/wp\/v2\/media\/2407"}],"wp:attachment":[{"href":"https:\/\/visit-meknes.com\/en\/wp-json\/wp\/v2\/media?parent=2406"}],"wp:term":[{"taxonomy":"category","embeddable":true,"href":"https:\/\/visit-meknes.com\/en\/wp-json\/wp\/v2\/categories?post=2406"},{"taxonomy":"post_tag","embeddable":true,"href":"https:\/\/visit-meknes.com\/en\/wp-json\/wp\/v2\/tags?post=2406"}],"curies":[{"name":"wp","href":"https:\/\/api.w.org\/{rel}","templated":true}]}}