{"id":2396,"date":"2017-02-19T23:43:31","date_gmt":"2017-02-19T23:43:31","guid":{"rendered":"http:\/\/visit-meknes.com\/?p=2396"},"modified":"2017-02-19T23:43:31","modified_gmt":"2017-02-19T23:43:31","slug":"lassociation-terroir-tourisme-interesse-les-marocains","status":"publish","type":"post","link":"https:\/\/visit-meknes.com\/en\/lassociation-terroir-tourisme-interesse-les-marocains\/","title":{"rendered":"L&#8217;association terroir-tourisme int\u00e9resse les Marocains"},"content":{"rendered":"<p>Dans le cadre de la coop\u00e9ration internationale, la R\u00e9gion Centre-Val de Loire a montr\u00e9 \u00e0 une d\u00e9l\u00e9gation marocaine la diversification agricole du territoire.<\/p>\n<p>Apr\u00e8s un passage \u00e0 la ferme bio de La Guilbardi\u00e8re, \u00e0 Monthou-sur-Bi\u00e8vre, une d\u00e9l\u00e9gation marocaine a fait escale, hier, \u00e0 la cave de la Grande Brosse, \u00e0 Ch\u00e9mery. L&#8217;objectif de cette matin\u00e9e en Loir-et-Cher pour le pr\u00e9sident de la R\u00e9gion de Mekn\u00e8s-F\u00e8s, deux \u00e9lus r\u00e9gionaux, deux fonctionnaires, deux pr\u00e9sidents d&#8217;universit\u00e9s et deux responsables d&#8217;organisations patronales \u00e9tait de visiter des unit\u00e9s agricoles diversifi\u00e9es, de s&#8217;inspirer de mod\u00e8les \u00e0 reproduire chez eux.<\/p>\n<p>Les convives ont \u00e9t\u00e9 subjugu\u00e9s par la cave et les galeries situ\u00e9es \u00e0 40\u00a0m sous terre de Philippe Oudin, qui a d\u00e9velopp\u00e9 l&#8217;\u0153notourisme. Les \u00e9trangers s&#8217;y bousculent pour parcourir ces souterrains, y d\u00e9guster les mill\u00e9simes et m\u00eame y partager un repas. \u00ab\u00a0On travaille essentiellement avec les offices de tourisme et les autocaristes via des voyages organis\u00e9s. Nous avons beaucoup de relations avec les Asiatiques et les Australiens\u00a0\u00bb, annonce le vigneron de Ch\u00e9mery, qui embauche six salari\u00e9s pour le travail de la vigne. \u00ab\u00a0Le probl\u00e8me qu&#8217;on rencontre est le manque d&#8217;offres h\u00f4teli\u00e8res dans le secteur pour accueillir ces visiteurs, surtout en p\u00e9riode hivernale durant laquelle des \u00e9tablissements d&#8217;h\u00e9bergements sont ferm\u00e9s. Quant \u00e0 la vente de nos bouteilles, elle se fait directement aux particuliers et aux entreprises.\u00a0\u00bb<\/p>\n<p>Mohand Laenser, pr\u00e9sident de la r\u00e9gion Mekn\u00e8s-F\u00e8s, a \u00e9t\u00e9 s\u00e9duit par l&#8217;association vertueuse d&#8217;une production agricole et du tourisme\u2009: \u00ab\u00a0Nous devrions nous acheminer vers \u00e7a chez nous dans des exploitations productrices de fromages, de miel ou encore de plantes aromatiques. Ces exemples fran\u00e7ais d\u00e9montrent que les agriculteurs peuvent s&#8217;en sortir par l&#8217;innovation\u00a0\u00bb,reconna\u00eet-il.\u00ab\u00a0Il faudrait multiplier les contacts entre les professionnels fran\u00e7ais et marocains pour faciliter les \u00e9changes.\u00a0\u00bb<\/p>\n<p>Dans le prolongement des actions men\u00e9es au sein de cette coop\u00e9ration, les pr\u00e9sidents Bonneau et Laenser souhaitent poursuivre le travail en faveur de la fili\u00e8re plantes aromatiques et m\u00e9dicinales. C&#8217;est d&#8217;ailleurs sur cette th\u00e9matique que la d\u00e9l\u00e9gation marocaine avait rendez-vous, hier apr\u00e8s-midi, avec le pr\u00e9sident de l&#8217;universit\u00e9 de Tours. \u00ab\u00a0Nos \u00e9changes \u00e9conomiques et sur la recherche se font aussi via la Cosmetic Valley. Nous accompagnons les Marocains dans la structuration de la production et de la vente de plantes aromatiques\u00a0\u00bb, souligne Charles Fournier, vice-pr\u00e9sident de la r\u00e9gion Centre-Val de Loire, d\u00e9l\u00e9gu\u00e9 \u00e0 la coop\u00e9ration.<\/p>\n<p>Pour la R\u00e9gion Centre-Val de Loire, l&#8217;esprit de la coop\u00e9ration est bas\u00e9 sur le gagnant-gagnant, comme en t\u00e9moignent les liens avec le Maroc.<\/p>\n","protected":false},"excerpt":{"rendered":"<p>Dans le cadre de la coop\u00e9ration internationale, la R\u00e9gion Centre-Val de Loire a montr\u00e9 \u00e0 une d\u00e9l\u00e9gation marocaine la diversification agricole du territoire. Apr\u00e8s un passage \u00e0 la ferme bio de La Guilbardi\u00e8re, \u00e0 Monthou-sur-Bi\u00e8vre, une d\u00e9l\u00e9gation marocaine a fait escale, hier, \u00e0 la cave de la Grande Brosse, \u00e0 Ch\u00e9mery. L&#8217;objectif de cette matin\u00e9e<\/p>\n","protected":false},"author":1,"featured_media":2397,"comment_status":"open","ping_status":"open","sticky":false,"template":"","format":"standard","meta":{"footnotes":""},"categories":[6],"tags":[],"_links":{"self":[{"href":"https:\/\/visit-meknes.com\/en\/wp-json\/wp\/v2\/posts\/2396"}],"collection":[{"href":"https:\/\/visit-meknes.com\/en\/wp-json\/wp\/v2\/posts"}],"about":[{"href":"https:\/\/visit-meknes.com\/en\/wp-json\/wp\/v2\/types\/post"}],"author":[{"embeddable":true,"href":"https:\/\/visit-meknes.com\/en\/wp-json\/wp\/v2\/users\/1"}],"replies":[{"embeddable":true,"href":"https:\/\/visit-meknes.com\/en\/wp-json\/wp\/v2\/comments?post=2396"}],"version-history":[{"count":1,"href":"https:\/\/visit-meknes.com\/en\/wp-json\/wp\/v2\/posts\/2396\/revisions"}],"predecessor-version":[{"id":2398,"href":"https:\/\/visit-meknes.com\/en\/wp-json\/wp\/v2\/posts\/2396\/revisions\/2398"}],"wp:featuredmedia":[{"embeddable":true,"href":"https:\/\/visit-meknes.com\/en\/wp-json\/wp\/v2\/media\/2397"}],"wp:attachment":[{"href":"https:\/\/visit-meknes.com\/en\/wp-json\/wp\/v2\/media?parent=2396"}],"wp:term":[{"taxonomy":"category","embeddable":true,"href":"https:\/\/visit-meknes.com\/en\/wp-json\/wp\/v2\/categories?post=2396"},{"taxonomy":"post_tag","embeddable":true,"href":"https:\/\/visit-meknes.com\/en\/wp-json\/wp\/v2\/tags?post=2396"}],"curies":[{"name":"wp","href":"https:\/\/api.w.org\/{rel}","templated":true}]}}