{"id":2389,"date":"2017-02-06T21:25:57","date_gmt":"2017-02-06T21:25:57","guid":{"rendered":"http:\/\/visit-meknes.com\/?p=2389"},"modified":"2017-02-06T21:25:57","modified_gmt":"2017-02-06T21:25:57","slug":"fes-meknes-la-promotion-du-tourisme-a-lordre-du-jour","status":"publish","type":"post","link":"https:\/\/visit-meknes.com\/en\/fes-meknes-la-promotion-du-tourisme-a-lordre-du-jour\/","title":{"rendered":"F\u00e8s-Mekn\u00e8s: La promotion du tourisme \u00e0 l\u2019ordre du jour"},"content":{"rendered":"<p style=\"text-align: left;\">Une rencontre a \u00e9t\u00e9 organis\u00e9e, vendredi \u00e0 F\u00e8s, pour examiner les programmes \u00e0 mettre en oeuvre pour renforcer et promouvoir l\u2019attractivit\u00e9 touristique de la r\u00e9gion F\u00e8s-Mekn\u00e8s.<\/p>\n<p style=\"text-align: left;\">Lors cette rencontre pr\u00e9sid\u00e9e par le wali de la r\u00e9gion F\u00e8s-Mekn\u00e8s, gouverneur de la pr\u00e9fecture de F\u00e8s, Said Zniber, le pr\u00e9sident du directoire de la Soci\u00e9t\u00e9 Marocaine d\u2019Ing\u00e9nierie Touristique (SMIT), Imad Barrakad, a pr\u00e9sent\u00e9 un expos\u00e9 sur les programme touristiques culturels \u00ab\u00a0madinati\u00a0\u00bb et \u00ab\u00a0Karyati\u00a0\u00bb et les mesures \u00e0 adopter pour leur mise en oeuvre dans les meilleurs d\u00e9lais.<\/p>\n<p style=\"text-align: left;\">Le premier programme porte sur un nouveau concept touristique qui permettra \u00e0 la M\u00e9dina de F\u00e8s d\u2019ensorceler les visiteurs de tous bords et de se positionner comme une destination pris\u00e9e, a-t-il pr\u00e9cis\u00e9.<\/p>\n<p style=\"text-align: left;\">Ce programme touristique ambitieux est de nature \u00e0 contribuer \u00e0 la r\u00e9habilitation du patrimoine culturel national \u00e0 travers la structuration du patrimoine mat\u00e9riel et immat\u00e9riel, la cr\u00e9ation de produits touristiques coh\u00e9rents et attractifs et la r\u00e9habilitation des monuments historiques en pr\u00e9servant leur identit\u00e9 architecturale.<\/p>\n<p style=\"text-align: left;\">Il concerne le d\u00e9veloppement de projets sp\u00e9cifiques selon une m\u00e9thodologie reposant sur le partenariat entre toutes les parties prenantes au niveau r\u00e9gional en vue de r\u00e9aliser le d\u00e9veloppement local et la participation de la population locale.<\/p>\n<p style=\"text-align: left;\">Concernant le programme \u00ab\u00a0Karyati\u00a0\u00bb, il vise \u00e0 soutenir les projets locaux, la vente des produits de terroir et l\u2019artisanat lesquels constituent un vecteur de d\u00e9veloppement local devant permettre aux habitants de participer directement \u00e0 la gestion de leurs produits.<\/p>\n<p style=\"text-align: left;\">Les autres intervenants, dont les gouverneurs des provinces de la r\u00e9gion F\u00e8s-Mekn\u00e8s, le pr\u00e9sident du Conseil de la r\u00e9gion, les pr\u00e9sidents des conseils du tourisme, des \u00e9lus et promoteurs touristiques, ont mis en avant les multiples atouts de la r\u00e9gion.<\/p>\n","protected":false},"excerpt":{"rendered":"<p>Une rencontre a \u00e9t\u00e9 organis\u00e9e, vendredi \u00e0 F\u00e8s, pour examiner les programmes \u00e0 mettre en oeuvre pour renforcer et promouvoir l\u2019attractivit\u00e9 touristique de la r\u00e9gion F\u00e8s-Mekn\u00e8s. Lors cette rencontre pr\u00e9sid\u00e9e par le wali de la r\u00e9gion F\u00e8s-Mekn\u00e8s, gouverneur de la pr\u00e9fecture de F\u00e8s, Said Zniber, le pr\u00e9sident du directoire de la Soci\u00e9t\u00e9 Marocaine d\u2019Ing\u00e9nierie Touristique<\/p>\n","protected":false},"author":1,"featured_media":2390,"comment_status":"open","ping_status":"open","sticky":false,"template":"","format":"standard","meta":{"footnotes":""},"categories":[6],"tags":[],"_links":{"self":[{"href":"https:\/\/visit-meknes.com\/en\/wp-json\/wp\/v2\/posts\/2389"}],"collection":[{"href":"https:\/\/visit-meknes.com\/en\/wp-json\/wp\/v2\/posts"}],"about":[{"href":"https:\/\/visit-meknes.com\/en\/wp-json\/wp\/v2\/types\/post"}],"author":[{"embeddable":true,"href":"https:\/\/visit-meknes.com\/en\/wp-json\/wp\/v2\/users\/1"}],"replies":[{"embeddable":true,"href":"https:\/\/visit-meknes.com\/en\/wp-json\/wp\/v2\/comments?post=2389"}],"version-history":[{"count":1,"href":"https:\/\/visit-meknes.com\/en\/wp-json\/wp\/v2\/posts\/2389\/revisions"}],"predecessor-version":[{"id":2391,"href":"https:\/\/visit-meknes.com\/en\/wp-json\/wp\/v2\/posts\/2389\/revisions\/2391"}],"wp:featuredmedia":[{"embeddable":true,"href":"https:\/\/visit-meknes.com\/en\/wp-json\/wp\/v2\/media\/2390"}],"wp:attachment":[{"href":"https:\/\/visit-meknes.com\/en\/wp-json\/wp\/v2\/media?parent=2389"}],"wp:term":[{"taxonomy":"category","embeddable":true,"href":"https:\/\/visit-meknes.com\/en\/wp-json\/wp\/v2\/categories?post=2389"},{"taxonomy":"post_tag","embeddable":true,"href":"https:\/\/visit-meknes.com\/en\/wp-json\/wp\/v2\/tags?post=2389"}],"curies":[{"name":"wp","href":"https:\/\/api.w.org\/{rel}","templated":true}]}}